{"id":29024,"date":"2023-04-19T10:15:34","date_gmt":"2023-04-19T10:15:34","guid":{"rendered":"https:\/\/blogdorogeriogomes.com.br\/?p=29024"},"modified":"2023-04-20T15:50:18","modified_gmt":"2023-04-20T15:50:18","slug":"conta-de-energia-tera-alta-de-ate-1154-no-ceara-a-partir-de-sabado","status":"publish","type":"post","link":"https:\/\/blogdorogeriogomes.com.br\/noticias\/2023\/04\/conta-de-energia-tera-alta-de-ate-1154-no-ceara-a-partir-de-sabado\/","title":{"rendered":"Conta de energia ter\u00e1 alta de at\u00e9 11,54% no Cear\u00e1 a partir de s\u00e1bado"},"content":{"rendered":"\n<p>A conta de luz ter\u00e1 aumento de at\u00e9 11,54% no Cear\u00e1, a partir deste s\u00e1bado, dia 22 de abril. O reajuste foi aprovado pela Ag\u00eancia Nacional de Energia El\u00e9trica (Aneel). A revis\u00e3o tarif\u00e1ria na conta de luz no Cear\u00e1 tem o&nbsp;\u00edndice m\u00e9dio de 3,06%.&nbsp;O aumento ser\u00e1 de&nbsp;4,60% para os clientes residenciais e para o consumidor rural, a alta&nbsp;ser\u00e1 de 11,54%. <\/p>\n\n\n\n<p>O percentual do aumento indicado foi ainda maior do que a proposta enviada pela Enel Distribui\u00e7\u00e3o Cear\u00e1. A revis\u00e3o tarif\u00e1ria da Aneel&nbsp;\u00e9 realizada anualmente, com o objetivo de preservar o equil\u00edbrio econ\u00f4mico-financeiro da concess\u00e3o.<\/p>\n\n\n\n<p>Para os clientes de m\u00e9dia e alta tens\u00e3o, como ind\u00fastrias e grandes com\u00e9rcios, haver\u00e1 uma redu\u00e7\u00e3o de, em m\u00e9dia, -3,77%.<br><\/p>\n\n\n\n<figure class=\"wp-block-image size-full\"><img loading=\"lazy\" decoding=\"async\" width=\"600\" height=\"426\" src=\"https:\/\/blogdorogeriogomes.com.br\/wp-content\/uploads\/2023\/04\/images-1-1.jpeg\" alt=\"\" class=\"wp-image-29025\" srcset=\"https:\/\/blogdorogeriogomes.com.br\/noticias\/wp-content\/uploads\/2023\/04\/images-1-1.jpeg 600w, https:\/\/blogdorogeriogomes.com.br\/noticias\/wp-content\/uploads\/2023\/04\/images-1-1-300x213.jpeg 300w\" sizes=\"auto, (max-width: 600px) 100vw, 600px\" \/><\/figure>\n\n\n\n<p><br><\/p>\n\n\n\n<p><br><\/p>\n","protected":false},"excerpt":{"rendered":"<p>A conta de luz ter\u00e1 aumento de at\u00e9 11,54% no Cear\u00e1, a partir deste s\u00e1bado, dia 22 de abril. O reajuste foi aprovado pela Ag\u00eancia Nacional de Energia El\u00e9trica (Aneel). A revis\u00e3o tarif\u00e1ria na conta de luz no Cear\u00e1 tem o&nbsp;\u00edndice m\u00e9dio de 3,06%.&nbsp;O aumento ser\u00e1 de&nbsp;4,60% para os clientes residenciais e para o consumidor rural, a alta&nbsp;ser\u00e1 de 11,54%. O percentual do aumento indicado foi ainda maior do que a proposta enviada pela Enel Distribui\u00e7\u00e3o Cear\u00e1. A revis\u00e3o&hellip;<\/p>\n","protected":false},"author":1,"featured_media":29025,"comment_status":"open","ping_status":"open","sticky":false,"template":"","format":"standard","meta":{"footnotes":""},"categories":[1],"tags":[],"class_list":["post-29024","post","type-post","status-publish","format-standard","has-post-thumbnail","hentry","category-noticias"],"_links":{"self":[{"href":"https:\/\/blogdorogeriogomes.com.br\/noticias\/wp-json\/wp\/v2\/posts\/29024","targetHints":{"allow":["GET"]}}],"collection":[{"href":"https:\/\/blogdorogeriogomes.com.br\/noticias\/wp-json\/wp\/v2\/posts"}],"about":[{"href":"https:\/\/blogdorogeriogomes.com.br\/noticias\/wp-json\/wp\/v2\/types\/post"}],"author":[{"embeddable":true,"href":"https:\/\/blogdorogeriogomes.com.br\/noticias\/wp-json\/wp\/v2\/users\/1"}],"replies":[{"embeddable":true,"href":"https:\/\/blogdorogeriogomes.com.br\/noticias\/wp-json\/wp\/v2\/comments?post=29024"}],"version-history":[{"count":2,"href":"https:\/\/blogdorogeriogomes.com.br\/noticias\/wp-json\/wp\/v2\/posts\/29024\/revisions"}],"predecessor-version":[{"id":29042,"href":"https:\/\/blogdorogeriogomes.com.br\/noticias\/wp-json\/wp\/v2\/posts\/29024\/revisions\/29042"}],"wp:featuredmedia":[{"embeddable":true,"href":"https:\/\/blogdorogeriogomes.com.br\/noticias\/wp-json\/wp\/v2\/media\/29025"}],"wp:attachment":[{"href":"https:\/\/blogdorogeriogomes.com.br\/noticias\/wp-json\/wp\/v2\/media?parent=29024"}],"wp:term":[{"taxonomy":"category","embeddable":true,"href":"https:\/\/blogdorogeriogomes.com.br\/noticias\/wp-json\/wp\/v2\/categories?post=29024"},{"taxonomy":"post_tag","embeddable":true,"href":"https:\/\/blogdorogeriogomes.com.br\/noticias\/wp-json\/wp\/v2\/tags?post=29024"}],"curies":[{"name":"wp","href":"https:\/\/api.w.org\/{rel}","templated":true}]}}