{"id":29027,"date":"2023-04-19T10:49:13","date_gmt":"2023-04-19T10:49:13","guid":{"rendered":"https:\/\/blogdorogeriogomes.com.br\/?p=29027"},"modified":"2023-04-20T15:50:07","modified_gmt":"2023-04-20T15:50:07","slug":"prefeitura-de-fortaleza-dobra-equipes-da-operacao-tapa-buraco-para-fazer-frente-aos-estragos-da-quadra-chuvosa","status":"publish","type":"post","link":"https:\/\/blogdorogeriogomes.com.br\/noticias\/2023\/04\/prefeitura-de-fortaleza-dobra-equipes-da-operacao-tapa-buraco-para-fazer-frente-aos-estragos-da-quadra-chuvosa\/","title":{"rendered":"Prefeitura de Fortaleza dobra equipes da Opera\u00e7\u00e3o Tapa-Buraco para fazer frente aos estragos da quadra chuvosa"},"content":{"rendered":"\n<p>Uma das maiores reclama\u00e7\u00f5es de quem trafega hoje por ruas e avenidas de Fortaleza \u00e9 a buraqueira encontrada nas vias, agravada pelo per\u00edodo da quadra chuvosa. A Prefeitura decidiu duplicar as equipes da Opera\u00e7\u00e3o Tapa-Buraco na Capital. &#8220;Neste per\u00edodo de quadra chuvosa, cont\u00e1vamos com duas equipes em atua\u00e7\u00e3o e, neste m\u00eas, o n\u00famero passou para quatro. Nosso objetivo \u00e9 intensificar os servi\u00e7os e proporcionar mais seguran\u00e7a e melhor mobilidade para quem trafega nas nossas ruas e avenidas&#8221;, ressaltou o prefeito Jos\u00e9 Sarto.<\/p>\n\n\n\n<p>Segundo ele, no primeiro trimestre deste ano, foi realizada a requalifica\u00e7\u00e3o em 27.765,37 m2 de vias em todas as 12 Regionais.<\/p>\n\n\n\n<p>Sarto destaca que \u00e9 necess\u00e1rio que a chuva d\u00ea uma tr\u00e9gua para que os servi\u00e7os sejam realizados. Os problemas com o asfalto atingem tanto as chamadas \u00e1reas nobres, como a periferia da Capital.<\/p>\n\n\n\n<figure class=\"wp-block-image size-full\"><img loading=\"lazy\" decoding=\"async\" width=\"853\" height=\"568\" src=\"https:\/\/blogdorogeriogomes.com.br\/wp-content\/uploads\/2023\/04\/IMG-20230419-WA0015.jpg\" alt=\"\" class=\"wp-image-29028\" srcset=\"https:\/\/blogdorogeriogomes.com.br\/noticias\/wp-content\/uploads\/2023\/04\/IMG-20230419-WA0015.jpg 853w, https:\/\/blogdorogeriogomes.com.br\/noticias\/wp-content\/uploads\/2023\/04\/IMG-20230419-WA0015-300x200.jpg 300w, https:\/\/blogdorogeriogomes.com.br\/noticias\/wp-content\/uploads\/2023\/04\/IMG-20230419-WA0015-768x511.jpg 768w, https:\/\/blogdorogeriogomes.com.br\/noticias\/wp-content\/uploads\/2023\/04\/IMG-20230419-WA0015-800x533.jpg 800w\" sizes=\"auto, (max-width: 853px) 100vw, 853px\" \/><\/figure>\n","protected":false},"excerpt":{"rendered":"<p>Uma das maiores reclama\u00e7\u00f5es de quem trafega hoje por ruas e avenidas de Fortaleza \u00e9 a buraqueira encontrada nas vias, agravada pelo per\u00edodo da quadra chuvosa. A Prefeitura decidiu duplicar as equipes da Opera\u00e7\u00e3o Tapa-Buraco na Capital. &#8220;Neste per\u00edodo de quadra chuvosa, cont\u00e1vamos com duas equipes em atua\u00e7\u00e3o e, neste m\u00eas, o n\u00famero passou para quatro. Nosso objetivo \u00e9 intensificar os servi\u00e7os e proporcionar mais seguran\u00e7a e melhor mobilidade para quem trafega nas nossas ruas e avenidas&#8221;, ressaltou o&hellip;<\/p>\n","protected":false},"author":1,"featured_media":29028,"comment_status":"open","ping_status":"open","sticky":false,"template":"","format":"standard","meta":{"footnotes":""},"categories":[1],"tags":[],"class_list":["post-29027","post","type-post","status-publish","format-standard","has-post-thumbnail","hentry","category-noticias"],"_links":{"self":[{"href":"https:\/\/blogdorogeriogomes.com.br\/noticias\/wp-json\/wp\/v2\/posts\/29027","targetHints":{"allow":["GET"]}}],"collection":[{"href":"https:\/\/blogdorogeriogomes.com.br\/noticias\/wp-json\/wp\/v2\/posts"}],"about":[{"href":"https:\/\/blogdorogeriogomes.com.br\/noticias\/wp-json\/wp\/v2\/types\/post"}],"author":[{"embeddable":true,"href":"https:\/\/blogdorogeriogomes.com.br\/noticias\/wp-json\/wp\/v2\/users\/1"}],"replies":[{"embeddable":true,"href":"https:\/\/blogdorogeriogomes.com.br\/noticias\/wp-json\/wp\/v2\/comments?post=29027"}],"version-history":[{"count":1,"href":"https:\/\/blogdorogeriogomes.com.br\/noticias\/wp-json\/wp\/v2\/posts\/29027\/revisions"}],"predecessor-version":[{"id":29029,"href":"https:\/\/blogdorogeriogomes.com.br\/noticias\/wp-json\/wp\/v2\/posts\/29027\/revisions\/29029"}],"wp:featuredmedia":[{"embeddable":true,"href":"https:\/\/blogdorogeriogomes.com.br\/noticias\/wp-json\/wp\/v2\/media\/29028"}],"wp:attachment":[{"href":"https:\/\/blogdorogeriogomes.com.br\/noticias\/wp-json\/wp\/v2\/media?parent=29027"}],"wp:term":[{"taxonomy":"category","embeddable":true,"href":"https:\/\/blogdorogeriogomes.com.br\/noticias\/wp-json\/wp\/v2\/categories?post=29027"},{"taxonomy":"post_tag","embeddable":true,"href":"https:\/\/blogdorogeriogomes.com.br\/noticias\/wp-json\/wp\/v2\/tags?post=29027"}],"curies":[{"name":"wp","href":"https:\/\/api.w.org\/{rel}","templated":true}]}}