{"id":29030,"date":"2023-04-19T19:37:20","date_gmt":"2023-04-19T19:37:20","guid":{"rendered":"https:\/\/blogdorogeriogomes.com.br\/?p=29030"},"modified":"2023-04-20T15:49:57","modified_gmt":"2023-04-20T15:49:57","slug":"integrantes-da-comissao-do-hidrogenio-verde-em-brasilia-aprovam-plano-de-trabalho","status":"publish","type":"post","link":"https:\/\/blogdorogeriogomes.com.br\/noticias\/2023\/04\/integrantes-da-comissao-do-hidrogenio-verde-em-brasilia-aprovam-plano-de-trabalho\/","title":{"rendered":"Integrantes da Comiss\u00e3o do Hidrog\u00eanio Verde, em Bras\u00edlia, aprovam plano de trabalho"},"content":{"rendered":"\n<p>Os integrantes da Comiss\u00e3o Especial do Hidrog\u00eanio Verde, presidida pelo senador Cid Gomes (PDT-CE), aprovaram nesta quarta-feira, dia 19 de abril, o plano de trabalho para 2023. A primeira audi\u00eancia p\u00fablica acontece na pr\u00f3xima quarta-feira, dia 26, em Bras\u00edlia, e ter\u00e1 como tema \u201cO hidrog\u00eanio verde e o seu papel na descarboniza\u00e7\u00e3o das economias globais\u201d.<\/p>\n\n\n\n<p>O encontro contar\u00e1 com a presen\u00e7a dos representantes dos minist\u00e9rios do Meio Ambiente e de Minas e Energia, al\u00e9m dos representantes das embaixadas da Alemanha, China, Estados Unidos, Ar\u00e1bia Saudita, Reino Unido, Holanda, Canad\u00e1, Cor\u00e9ia e Chile, pa\u00eds da am\u00e9rica latina mais avan\u00e7ado na discuss\u00e3o sobre hidrog\u00eanio verde. Ser\u00e3o realizadas ainda outras seis audi\u00eancias p\u00fablicas no Senado e cinco nas diversas regi\u00f5es brasileiras, sendo a primeira delas no dia 19 de maio, em Pernambuco.<\/p>\n\n\n\n<p>De acordo com o senador Cid Gomes, a ideia \u00e9 ouvir especialistas, representantes de \u00f3rg\u00e3os governamentais, investidores e todos os interessados na quest\u00e3o. \u201cO sentido dessa Comiss\u00e3o \u00e9 dar transpar\u00eancia, dar abertura, ouvir. Esse \u00e9 um assunto muito novo, por mais que n\u00f3s tenhamos nos dedicado a estudar, teremos sempre muito a aprender sobre um setor que \u00e9 novo no mundo inteiro. Hidrog\u00eanio \u00e9 a mol\u00e9cula mais simples que existe, mas transformada em combust\u00edvel em grande escala, isso \u00e9 um assunto absolutamente novo para o mundo inteiro\u201d, ressaltou.<\/p>\n\n\n\n<p>Na avalia\u00e7\u00e3o do senador, o Brasil e o mundo est\u00e3o diante de uma oportunidade de ter uma alternativa aos combust\u00edveis f\u00f3sseis e, portanto, uma possibilidade de descarboniza\u00e7\u00e3o da economia, ajudando a reduzir o efeito estufa. Para isso, ele acredita que \u00e9 preciso regulamentar o tema. \u201cO Brasil precisa amadurecer uma legisla\u00e7\u00e3o, uma regula\u00e7\u00e3o que d\u00ea seguran\u00e7a e possibilite que a iniciativa privada possa fazer os investimentos\u201d, defendeu.<\/p>\n\n\n\n<figure class=\"wp-block-image size-full\"><img loading=\"lazy\" decoding=\"async\" width=\"1024\" height=\"683\" src=\"https:\/\/blogdorogeriogomes.com.br\/wp-content\/uploads\/2023\/04\/IMG-20230412-WA0151.jpg\" alt=\"\" class=\"wp-image-29031\" srcset=\"https:\/\/blogdorogeriogomes.com.br\/noticias\/wp-content\/uploads\/2023\/04\/IMG-20230412-WA0151.jpg 1024w, https:\/\/blogdorogeriogomes.com.br\/noticias\/wp-content\/uploads\/2023\/04\/IMG-20230412-WA0151-300x200.jpg 300w, https:\/\/blogdorogeriogomes.com.br\/noticias\/wp-content\/uploads\/2023\/04\/IMG-20230412-WA0151-768x512.jpg 768w, https:\/\/blogdorogeriogomes.com.br\/noticias\/wp-content\/uploads\/2023\/04\/IMG-20230412-WA0151-800x534.jpg 800w\" sizes=\"auto, (max-width: 1024px) 100vw, 1024px\" \/><\/figure>\n\n\n\n<p><br><\/p>\n","protected":false},"excerpt":{"rendered":"<p>Os integrantes da Comiss\u00e3o Especial do Hidrog\u00eanio Verde, presidida pelo senador Cid Gomes (PDT-CE), aprovaram nesta quarta-feira, dia 19 de abril, o plano de trabalho para 2023. A primeira audi\u00eancia p\u00fablica acontece na pr\u00f3xima quarta-feira, dia 26, em Bras\u00edlia, e ter\u00e1 como tema \u201cO hidrog\u00eanio verde e o seu papel na descarboniza\u00e7\u00e3o das economias globais\u201d. O encontro contar\u00e1 com a presen\u00e7a dos representantes dos minist\u00e9rios do Meio Ambiente e de Minas e Energia, al\u00e9m dos representantes das embaixadas da&hellip;<\/p>\n","protected":false},"author":1,"featured_media":29031,"comment_status":"open","ping_status":"open","sticky":false,"template":"","format":"standard","meta":{"footnotes":""},"categories":[1],"tags":[],"class_list":["post-29030","post","type-post","status-publish","format-standard","has-post-thumbnail","hentry","category-noticias"],"_links":{"self":[{"href":"https:\/\/blogdorogeriogomes.com.br\/noticias\/wp-json\/wp\/v2\/posts\/29030","targetHints":{"allow":["GET"]}}],"collection":[{"href":"https:\/\/blogdorogeriogomes.com.br\/noticias\/wp-json\/wp\/v2\/posts"}],"about":[{"href":"https:\/\/blogdorogeriogomes.com.br\/noticias\/wp-json\/wp\/v2\/types\/post"}],"author":[{"embeddable":true,"href":"https:\/\/blogdorogeriogomes.com.br\/noticias\/wp-json\/wp\/v2\/users\/1"}],"replies":[{"embeddable":true,"href":"https:\/\/blogdorogeriogomes.com.br\/noticias\/wp-json\/wp\/v2\/comments?post=29030"}],"version-history":[{"count":1,"href":"https:\/\/blogdorogeriogomes.com.br\/noticias\/wp-json\/wp\/v2\/posts\/29030\/revisions"}],"predecessor-version":[{"id":29032,"href":"https:\/\/blogdorogeriogomes.com.br\/noticias\/wp-json\/wp\/v2\/posts\/29030\/revisions\/29032"}],"wp:featuredmedia":[{"embeddable":true,"href":"https:\/\/blogdorogeriogomes.com.br\/noticias\/wp-json\/wp\/v2\/media\/29031"}],"wp:attachment":[{"href":"https:\/\/blogdorogeriogomes.com.br\/noticias\/wp-json\/wp\/v2\/media?parent=29030"}],"wp:term":[{"taxonomy":"category","embeddable":true,"href":"https:\/\/blogdorogeriogomes.com.br\/noticias\/wp-json\/wp\/v2\/categories?post=29030"},{"taxonomy":"post_tag","embeddable":true,"href":"https:\/\/blogdorogeriogomes.com.br\/noticias\/wp-json\/wp\/v2\/tags?post=29030"}],"curies":[{"name":"wp","href":"https:\/\/api.w.org\/{rel}","templated":true}]}}