{"id":29033,"date":"2023-04-20T11:09:27","date_gmt":"2023-04-20T11:09:27","guid":{"rendered":"https:\/\/blogdorogeriogomes.com.br\/?p=29033"},"modified":"2023-04-20T15:49:50","modified_gmt":"2023-04-20T15:49:50","slug":"eua-devem-aumentar-repasse-para-fundo-amazonia-no-brasil-biden-vai-pedir-us-500-milhoes-ao-congresso","status":"publish","type":"post","link":"https:\/\/blogdorogeriogomes.com.br\/noticias\/2023\/04\/eua-devem-aumentar-repasse-para-fundo-amazonia-no-brasil-biden-vai-pedir-us-500-milhoes-ao-congresso\/","title":{"rendered":"EUA devem aumentar repasse  para Fundo Amaz\u00f4nia no Brasil. Biden vai pedir US$ 500 milh\u00f5es ao Congresso"},"content":{"rendered":"\n<p>O presidente dos Estados Unidos, Joe Biden,&nbsp;anuncia nesta quinta-feira, dia 20 de abril, planos para aumentar o financiamento de seu pa\u00eds ao Fundo Amaz\u00f4nia, o programa de financiamento internacional do governo brasileiro que banca a\u00e7\u00f5es contra o desmatamento na Floresta Amaz\u00f4nica.<\/p>\n\n\n\n<p>Segundo um documento da Casa Branca, Biden solicitar\u00e1 ao Congresso norte-americano US$ 500 milh\u00f5es, que corresponde a cerca de R$ 2,5 bilh\u00f5es de reais, para o fundo a serem usados ao longo de cinco anos.<\/p>\n\n\n\n<p>O valor \u00e9 dez vezes mais que o inicialmente planejado por Washington em fevereiro, quando os Estados Unidos anunciaram inten\u00e7\u00e3o em aderir ao Fundo Amaz\u00f4nia, do qual j\u00e1 fazem parte a Noruega e Alemanha. O Reino Unido tamb\u00e9m estuda ades\u00e3o ao fundo, que havia sido cancelado durante o governo do ex-presidente Jair Bolsonaro e foi reativado este ano.<\/p>\n\n\n\n<figure class=\"wp-block-image size-full\"><img loading=\"lazy\" decoding=\"async\" width=\"1000\" height=\"562\" src=\"https:\/\/blogdorogeriogomes.com.br\/wp-content\/uploads\/2023\/04\/nos-ultimos-tres-anos-o-brasil-registrou-o-pior-desmatamento-em-15-anos-o-maior-numero-de-focos-de-incendios-em-10-anos-e-a-maior-taxa-de-emissao-de-gases-poluentes-em-16-anos..jpeg\" alt=\"\" class=\"wp-image-29034\" srcset=\"https:\/\/blogdorogeriogomes.com.br\/noticias\/wp-content\/uploads\/2023\/04\/nos-ultimos-tres-anos-o-brasil-registrou-o-pior-desmatamento-em-15-anos-o-maior-numero-de-focos-de-incendios-em-10-anos-e-a-maior-taxa-de-emissao-de-gases-poluentes-em-16-anos..jpeg 1000w, https:\/\/blogdorogeriogomes.com.br\/noticias\/wp-content\/uploads\/2023\/04\/nos-ultimos-tres-anos-o-brasil-registrou-o-pior-desmatamento-em-15-anos-o-maior-numero-de-focos-de-incendios-em-10-anos-e-a-maior-taxa-de-emissao-de-gases-poluentes-em-16-anos.-300x169.jpeg 300w, https:\/\/blogdorogeriogomes.com.br\/noticias\/wp-content\/uploads\/2023\/04\/nos-ultimos-tres-anos-o-brasil-registrou-o-pior-desmatamento-em-15-anos-o-maior-numero-de-focos-de-incendios-em-10-anos-e-a-maior-taxa-de-emissao-de-gases-poluentes-em-16-anos.-768x432.jpeg 768w, https:\/\/blogdorogeriogomes.com.br\/noticias\/wp-content\/uploads\/2023\/04\/nos-ultimos-tres-anos-o-brasil-registrou-o-pior-desmatamento-em-15-anos-o-maior-numero-de-focos-de-incendios-em-10-anos-e-a-maior-taxa-de-emissao-de-gases-poluentes-em-16-anos.-800x450.jpeg 800w\" sizes=\"auto, (max-width: 1000px) 100vw, 1000px\" \/><\/figure>\n","protected":false},"excerpt":{"rendered":"<p>O presidente dos Estados Unidos, Joe Biden,&nbsp;anuncia nesta quinta-feira, dia 20 de abril, planos para aumentar o financiamento de seu pa\u00eds ao Fundo Amaz\u00f4nia, o programa de financiamento internacional do governo brasileiro que banca a\u00e7\u00f5es contra o desmatamento na Floresta Amaz\u00f4nica. Segundo um documento da Casa Branca, Biden solicitar\u00e1 ao Congresso norte-americano US$ 500 milh\u00f5es, que corresponde a cerca de R$ 2,5 bilh\u00f5es de reais, para o fundo a serem usados ao longo de cinco anos. O valor \u00e9&hellip;<\/p>\n","protected":false},"author":1,"featured_media":29034,"comment_status":"open","ping_status":"open","sticky":false,"template":"","format":"standard","meta":{"footnotes":""},"categories":[1],"tags":[],"class_list":["post-29033","post","type-post","status-publish","format-standard","has-post-thumbnail","hentry","category-noticias"],"_links":{"self":[{"href":"https:\/\/blogdorogeriogomes.com.br\/noticias\/wp-json\/wp\/v2\/posts\/29033","targetHints":{"allow":["GET"]}}],"collection":[{"href":"https:\/\/blogdorogeriogomes.com.br\/noticias\/wp-json\/wp\/v2\/posts"}],"about":[{"href":"https:\/\/blogdorogeriogomes.com.br\/noticias\/wp-json\/wp\/v2\/types\/post"}],"author":[{"embeddable":true,"href":"https:\/\/blogdorogeriogomes.com.br\/noticias\/wp-json\/wp\/v2\/users\/1"}],"replies":[{"embeddable":true,"href":"https:\/\/blogdorogeriogomes.com.br\/noticias\/wp-json\/wp\/v2\/comments?post=29033"}],"version-history":[{"count":2,"href":"https:\/\/blogdorogeriogomes.com.br\/noticias\/wp-json\/wp\/v2\/posts\/29033\/revisions"}],"predecessor-version":[{"id":29041,"href":"https:\/\/blogdorogeriogomes.com.br\/noticias\/wp-json\/wp\/v2\/posts\/29033\/revisions\/29041"}],"wp:featuredmedia":[{"embeddable":true,"href":"https:\/\/blogdorogeriogomes.com.br\/noticias\/wp-json\/wp\/v2\/media\/29034"}],"wp:attachment":[{"href":"https:\/\/blogdorogeriogomes.com.br\/noticias\/wp-json\/wp\/v2\/media?parent=29033"}],"wp:term":[{"taxonomy":"category","embeddable":true,"href":"https:\/\/blogdorogeriogomes.com.br\/noticias\/wp-json\/wp\/v2\/categories?post=29033"},{"taxonomy":"post_tag","embeddable":true,"href":"https:\/\/blogdorogeriogomes.com.br\/noticias\/wp-json\/wp\/v2\/tags?post=29033"}],"curies":[{"name":"wp","href":"https:\/\/api.w.org\/{rel}","templated":true}]}}