{"id":29036,"date":"2023-04-20T11:30:19","date_gmt":"2023-04-20T11:30:19","guid":{"rendered":"https:\/\/blogdorogeriogomes.com.br\/?p=29036"},"modified":"2023-04-20T15:49:43","modified_gmt":"2023-04-20T15:49:43","slug":"ministro-do-gsi-pede-demissao-apos-video-em-que-ele-aparece-durante-invasao-ao-planalto-lula-avalia-que-general-perdeu-controle-da-tropa","status":"publish","type":"post","link":"https:\/\/blogdorogeriogomes.com.br\/noticias\/2023\/04\/ministro-do-gsi-pede-demissao-apos-video-em-que-ele-aparece-durante-invasao-ao-planalto-lula-avalia-que-general-perdeu-controle-da-tropa\/","title":{"rendered":"Ministro do GSI pede demiss\u00e3o ap\u00f3s v\u00eddeo em que ele aparece durante invas\u00e3o ao Planalto. Lula avalia que general perdeu controle da tropa"},"content":{"rendered":"\n<p>O general da reserva Gon\u00e7alves Dias&nbsp;pediu demiss\u00e3o do&nbsp;cargo de ministro-chefe do Gabinete de Seguran\u00e7a Institucional (GSI) da Presid\u00eancia da Rep\u00fablica nesta quarta-feira, dia 19 de abril. O pedido foi feito&nbsp;ap\u00f3s reuni\u00e3o com o presidente Lula e chefes de outras pastas, no Pal\u00e1cio do Planalto.&nbsp;<\/p>\n\n\n\n<p>A demiss\u00e3o ocorreu depois da repercuss\u00e3o dos v\u00eddeos em que ele aparece no Pal\u00e1cio do Planalto no dia 8 de janeiro, durante invas\u00f5es aos Tr\u00eas Poderes em Bras\u00edlia. Dessa forma, \u00e9 o primeiro ministro&nbsp;a deixar o governo deste mandato de Lula.<\/p>\n\n\n\n<p>Na vers\u00e3o apresentada ao presidente, o general sustentou que chegou ao Planalto quando a invas\u00e3o j\u00e1 havia sido consumada. Para o presidente Lula, o general Gon\u00e7alves Dias foi tra\u00eddo por subordinados e por colegas de farda que apoiavam e ainda apoiam o ex-presidente Jair Bolsonaro. A trai\u00e7\u00e3o teria ocorrido n\u00e3o s\u00f3 durante a invas\u00e3o, como tamb\u00e9m com o pr\u00f3prio vazamento das imagens.<\/p>\n\n\n\n<figure class=\"wp-block-image size-full\"><img loading=\"lazy\" decoding=\"async\" width=\"900\" height=\"506\" src=\"https:\/\/blogdorogeriogomes.com.br\/wp-content\/uploads\/2023\/04\/general-marcos-edson-goncalves-dias-do-gsi-gabinete-de-seguranca-institucional-1672336726340_v2_900x506.jpg\" alt=\"\" class=\"wp-image-29037\" srcset=\"https:\/\/blogdorogeriogomes.com.br\/noticias\/wp-content\/uploads\/2023\/04\/general-marcos-edson-goncalves-dias-do-gsi-gabinete-de-seguranca-institucional-1672336726340_v2_900x506.jpg 900w, https:\/\/blogdorogeriogomes.com.br\/noticias\/wp-content\/uploads\/2023\/04\/general-marcos-edson-goncalves-dias-do-gsi-gabinete-de-seguranca-institucional-1672336726340_v2_900x506-300x169.jpg 300w, https:\/\/blogdorogeriogomes.com.br\/noticias\/wp-content\/uploads\/2023\/04\/general-marcos-edson-goncalves-dias-do-gsi-gabinete-de-seguranca-institucional-1672336726340_v2_900x506-768x432.jpg 768w, https:\/\/blogdorogeriogomes.com.br\/noticias\/wp-content\/uploads\/2023\/04\/general-marcos-edson-goncalves-dias-do-gsi-gabinete-de-seguranca-institucional-1672336726340_v2_900x506-800x450.jpg 800w\" sizes=\"auto, (max-width: 900px) 100vw, 900px\" \/><\/figure>\n","protected":false},"excerpt":{"rendered":"<p>O general da reserva Gon\u00e7alves Dias&nbsp;pediu demiss\u00e3o do&nbsp;cargo de ministro-chefe do Gabinete de Seguran\u00e7a Institucional (GSI) da Presid\u00eancia da Rep\u00fablica nesta quarta-feira, dia 19 de abril. O pedido foi feito&nbsp;ap\u00f3s reuni\u00e3o com o presidente Lula e chefes de outras pastas, no Pal\u00e1cio do Planalto.&nbsp; A demiss\u00e3o ocorreu depois da repercuss\u00e3o dos v\u00eddeos em que ele aparece no Pal\u00e1cio do Planalto no dia 8 de janeiro, durante invas\u00f5es aos Tr\u00eas Poderes em Bras\u00edlia. Dessa forma, \u00e9 o primeiro ministro&nbsp;a deixar&hellip;<\/p>\n","protected":false},"author":1,"featured_media":29037,"comment_status":"open","ping_status":"open","sticky":false,"template":"","format":"standard","meta":{"footnotes":""},"categories":[1],"tags":[],"class_list":["post-29036","post","type-post","status-publish","format-standard","has-post-thumbnail","hentry","category-noticias"],"_links":{"self":[{"href":"https:\/\/blogdorogeriogomes.com.br\/noticias\/wp-json\/wp\/v2\/posts\/29036","targetHints":{"allow":["GET"]}}],"collection":[{"href":"https:\/\/blogdorogeriogomes.com.br\/noticias\/wp-json\/wp\/v2\/posts"}],"about":[{"href":"https:\/\/blogdorogeriogomes.com.br\/noticias\/wp-json\/wp\/v2\/types\/post"}],"author":[{"embeddable":true,"href":"https:\/\/blogdorogeriogomes.com.br\/noticias\/wp-json\/wp\/v2\/users\/1"}],"replies":[{"embeddable":true,"href":"https:\/\/blogdorogeriogomes.com.br\/noticias\/wp-json\/wp\/v2\/comments?post=29036"}],"version-history":[{"count":2,"href":"https:\/\/blogdorogeriogomes.com.br\/noticias\/wp-json\/wp\/v2\/posts\/29036\/revisions"}],"predecessor-version":[{"id":29039,"href":"https:\/\/blogdorogeriogomes.com.br\/noticias\/wp-json\/wp\/v2\/posts\/29036\/revisions\/29039"}],"wp:featuredmedia":[{"embeddable":true,"href":"https:\/\/blogdorogeriogomes.com.br\/noticias\/wp-json\/wp\/v2\/media\/29037"}],"wp:attachment":[{"href":"https:\/\/blogdorogeriogomes.com.br\/noticias\/wp-json\/wp\/v2\/media?parent=29036"}],"wp:term":[{"taxonomy":"category","embeddable":true,"href":"https:\/\/blogdorogeriogomes.com.br\/noticias\/wp-json\/wp\/v2\/categories?post=29036"},{"taxonomy":"post_tag","embeddable":true,"href":"https:\/\/blogdorogeriogomes.com.br\/noticias\/wp-json\/wp\/v2\/tags?post=29036"}],"curies":[{"name":"wp","href":"https:\/\/api.w.org\/{rel}","templated":true}]}}