{"id":29051,"date":"2023-04-21T10:28:40","date_gmt":"2023-04-21T10:28:40","guid":{"rendered":"https:\/\/blogdorogeriogomes.com.br\/?p=29051"},"modified":"2023-04-25T12:09:55","modified_gmt":"2023-04-25T12:09:55","slug":"sspds-reforca-seguranca-no-entorno-de-escolas-e-fortaleza-teve-um-dia-tranquilo","status":"publish","type":"post","link":"https:\/\/blogdorogeriogomes.com.br\/noticias\/2023\/04\/sspds-reforca-seguranca-no-entorno-de-escolas-e-fortaleza-teve-um-dia-tranquilo\/","title":{"rendered":"SSPDS refor\u00e7a seguran\u00e7a no entorno de escolas e Fortaleza teve um dia tranquilo"},"content":{"rendered":"\n<p>A boataria das redes sociais em torno de poss\u00edveis ataques em escolas de Fortaleza na quinta-feira, dia 20 de abril, n\u00e3o se confirmou. A Secretaria de Seguran\u00e7a P\u00fablica e Defesa Social (SSPDS) se antecipou e refor\u00e7ou o policiamento no entorno das escolas p\u00fablicas e privadas da Capital. Muitos alunos deixaram de ir a aula, mas os diretores dos estabelecimentos confirmaram que o dia foi tranquilo.<\/p>\n\n\n\n<p>Uma comiss\u00e3o de vereadores, liderada pelo presidente da C\u00e2mara Municipal de Fortaleza, Gardel Rolim (PDT), participou de uma reuni\u00e3o com o titular da Secretaria de Seguran\u00e7a P\u00fablica e Defesa Social do Estado (SSPDS), Samuel Elano. O tema do encontro foi a viol\u00eancia nas escolas e as a\u00e7\u00f5es que as for\u00e7as de seguran\u00e7a v\u00eam realizando no tocante a preven\u00e7\u00e3o.<\/p>\n\n\n\n<p>Ser\u00e1 formatado um protocolo para que as escolas, alunos, professores e os pais saibam agir em um momento como esse, e que se evitem a difus\u00e3o de informa\u00e7\u00f5es falsas que venham a criar propaganda negativa e um caos desnecess\u00e1rio.<\/p>\n\n\n\n<figure class=\"wp-block-image size-full\"><img loading=\"lazy\" decoding=\"async\" width=\"1024\" height=\"681\" src=\"https:\/\/blogdorogeriogomes.com.br\/wp-content\/uploads\/2023\/04\/20230420153737_IMG_0427-1024x681-1.jpg\" alt=\"\" class=\"wp-image-29052\" srcset=\"https:\/\/blogdorogeriogomes.com.br\/noticias\/wp-content\/uploads\/2023\/04\/20230420153737_IMG_0427-1024x681-1.jpg 1024w, https:\/\/blogdorogeriogomes.com.br\/noticias\/wp-content\/uploads\/2023\/04\/20230420153737_IMG_0427-1024x681-1-300x200.jpg 300w, https:\/\/blogdorogeriogomes.com.br\/noticias\/wp-content\/uploads\/2023\/04\/20230420153737_IMG_0427-1024x681-1-768x511.jpg 768w, https:\/\/blogdorogeriogomes.com.br\/noticias\/wp-content\/uploads\/2023\/04\/20230420153737_IMG_0427-1024x681-1-800x532.jpg 800w\" sizes=\"auto, (max-width: 1024px) 100vw, 1024px\" \/><\/figure>\n","protected":false},"excerpt":{"rendered":"<p>A boataria das redes sociais em torno de poss\u00edveis ataques em escolas de Fortaleza na quinta-feira, dia 20 de abril, n\u00e3o se confirmou. A Secretaria de Seguran\u00e7a P\u00fablica e Defesa Social (SSPDS) se antecipou e refor\u00e7ou o policiamento no entorno das escolas p\u00fablicas e privadas da Capital. Muitos alunos deixaram de ir a aula, mas os diretores dos estabelecimentos confirmaram que o dia foi tranquilo. Uma comiss\u00e3o de vereadores, liderada pelo presidente da C\u00e2mara Municipal de Fortaleza, Gardel Rolim&hellip;<\/p>\n","protected":false},"author":1,"featured_media":29052,"comment_status":"open","ping_status":"open","sticky":false,"template":"","format":"standard","meta":{"footnotes":""},"categories":[1],"tags":[],"class_list":["post-29051","post","type-post","status-publish","format-standard","has-post-thumbnail","hentry","category-noticias"],"_links":{"self":[{"href":"https:\/\/blogdorogeriogomes.com.br\/noticias\/wp-json\/wp\/v2\/posts\/29051","targetHints":{"allow":["GET"]}}],"collection":[{"href":"https:\/\/blogdorogeriogomes.com.br\/noticias\/wp-json\/wp\/v2\/posts"}],"about":[{"href":"https:\/\/blogdorogeriogomes.com.br\/noticias\/wp-json\/wp\/v2\/types\/post"}],"author":[{"embeddable":true,"href":"https:\/\/blogdorogeriogomes.com.br\/noticias\/wp-json\/wp\/v2\/users\/1"}],"replies":[{"embeddable":true,"href":"https:\/\/blogdorogeriogomes.com.br\/noticias\/wp-json\/wp\/v2\/comments?post=29051"}],"version-history":[{"count":1,"href":"https:\/\/blogdorogeriogomes.com.br\/noticias\/wp-json\/wp\/v2\/posts\/29051\/revisions"}],"predecessor-version":[{"id":29053,"href":"https:\/\/blogdorogeriogomes.com.br\/noticias\/wp-json\/wp\/v2\/posts\/29051\/revisions\/29053"}],"wp:featuredmedia":[{"embeddable":true,"href":"https:\/\/blogdorogeriogomes.com.br\/noticias\/wp-json\/wp\/v2\/media\/29052"}],"wp:attachment":[{"href":"https:\/\/blogdorogeriogomes.com.br\/noticias\/wp-json\/wp\/v2\/media?parent=29051"}],"wp:term":[{"taxonomy":"category","embeddable":true,"href":"https:\/\/blogdorogeriogomes.com.br\/noticias\/wp-json\/wp\/v2\/categories?post=29051"},{"taxonomy":"post_tag","embeddable":true,"href":"https:\/\/blogdorogeriogomes.com.br\/noticias\/wp-json\/wp\/v2\/tags?post=29051"}],"curies":[{"name":"wp","href":"https:\/\/api.w.org\/{rel}","templated":true}]}}