{"id":29054,"date":"2023-04-21T10:43:53","date_gmt":"2023-04-21T10:43:53","guid":{"rendered":"https:\/\/blogdorogeriogomes.com.br\/?p=29054"},"modified":"2023-04-25T12:09:48","modified_gmt":"2023-04-25T12:09:48","slug":"lula-desembarca-na-europa-para-agenda-oficial-em-portugal-e-espanha","status":"publish","type":"post","link":"https:\/\/blogdorogeriogomes.com.br\/noticias\/2023\/04\/lula-desembarca-na-europa-para-agenda-oficial-em-portugal-e-espanha\/","title":{"rendered":"Lula desembarca na Europa para agenda oficial em Portugal e Espanha"},"content":{"rendered":"\n<p>O presidente&nbsp;Lula (PT) desembarcou em&nbsp;Lisboa na manh\u00e3 desta sexta-feira, dia 21 de abril, para uma agenda de seis dias de encontros em&nbsp;Portugal&nbsp;e, tamb\u00e9m, na&nbsp;Espanha. Entre os temas no roteiro do petista est\u00e3o a guerra na Ucr\u00e2nia e o acordo entre Mercosul e Uni\u00e3o Europeia.<\/p>\n\n\n\n<p>Esta \u00e9 a primeira viagem de Lula \u00e0 Europa neste terceiro mandato. Nos \u00faltimos meses, o presidente j\u00e1 visitou Argentina, Uruguai, Estados Unidos, China e Emirados \u00c1rabes. <\/p>\n\n\n\n<p>Lula deve retornar a Europa no in\u00edcio de maio, onde participar\u00e1 da coroa\u00e7\u00e3o do Rei Charles III e se reunir com o primeiro-ministro brit\u00e2nico Rishi Sunak.<\/p>\n\n\n\n<figure class=\"wp-block-image size-full\"><img loading=\"lazy\" decoding=\"async\" width=\"984\" height=\"655\" src=\"https:\/\/blogdorogeriogomes.com.br\/wp-content\/uploads\/2023\/04\/000-32nw3eh.jpg\" alt=\"\" class=\"wp-image-29055\" srcset=\"https:\/\/blogdorogeriogomes.com.br\/noticias\/wp-content\/uploads\/2023\/04\/000-32nw3eh.jpg 984w, https:\/\/blogdorogeriogomes.com.br\/noticias\/wp-content\/uploads\/2023\/04\/000-32nw3eh-300x200.jpg 300w, https:\/\/blogdorogeriogomes.com.br\/noticias\/wp-content\/uploads\/2023\/04\/000-32nw3eh-768x511.jpg 768w, https:\/\/blogdorogeriogomes.com.br\/noticias\/wp-content\/uploads\/2023\/04\/000-32nw3eh-800x533.jpg 800w\" sizes=\"auto, (max-width: 984px) 100vw, 984px\" \/><\/figure>\n","protected":false},"excerpt":{"rendered":"<p>O presidente&nbsp;Lula (PT) desembarcou em&nbsp;Lisboa na manh\u00e3 desta sexta-feira, dia 21 de abril, para uma agenda de seis dias de encontros em&nbsp;Portugal&nbsp;e, tamb\u00e9m, na&nbsp;Espanha. Entre os temas no roteiro do petista est\u00e3o a guerra na Ucr\u00e2nia e o acordo entre Mercosul e Uni\u00e3o Europeia. Esta \u00e9 a primeira viagem de Lula \u00e0 Europa neste terceiro mandato. Nos \u00faltimos meses, o presidente j\u00e1 visitou Argentina, Uruguai, Estados Unidos, China e Emirados \u00c1rabes. Lula deve retornar a Europa no in\u00edcio de&hellip;<\/p>\n","protected":false},"author":1,"featured_media":29055,"comment_status":"open","ping_status":"open","sticky":false,"template":"","format":"standard","meta":{"footnotes":""},"categories":[1],"tags":[],"class_list":["post-29054","post","type-post","status-publish","format-standard","has-post-thumbnail","hentry","category-noticias"],"_links":{"self":[{"href":"https:\/\/blogdorogeriogomes.com.br\/noticias\/wp-json\/wp\/v2\/posts\/29054","targetHints":{"allow":["GET"]}}],"collection":[{"href":"https:\/\/blogdorogeriogomes.com.br\/noticias\/wp-json\/wp\/v2\/posts"}],"about":[{"href":"https:\/\/blogdorogeriogomes.com.br\/noticias\/wp-json\/wp\/v2\/types\/post"}],"author":[{"embeddable":true,"href":"https:\/\/blogdorogeriogomes.com.br\/noticias\/wp-json\/wp\/v2\/users\/1"}],"replies":[{"embeddable":true,"href":"https:\/\/blogdorogeriogomes.com.br\/noticias\/wp-json\/wp\/v2\/comments?post=29054"}],"version-history":[{"count":2,"href":"https:\/\/blogdorogeriogomes.com.br\/noticias\/wp-json\/wp\/v2\/posts\/29054\/revisions"}],"predecessor-version":[{"id":29080,"href":"https:\/\/blogdorogeriogomes.com.br\/noticias\/wp-json\/wp\/v2\/posts\/29054\/revisions\/29080"}],"wp:featuredmedia":[{"embeddable":true,"href":"https:\/\/blogdorogeriogomes.com.br\/noticias\/wp-json\/wp\/v2\/media\/29055"}],"wp:attachment":[{"href":"https:\/\/blogdorogeriogomes.com.br\/noticias\/wp-json\/wp\/v2\/media?parent=29054"}],"wp:term":[{"taxonomy":"category","embeddable":true,"href":"https:\/\/blogdorogeriogomes.com.br\/noticias\/wp-json\/wp\/v2\/categories?post=29054"},{"taxonomy":"post_tag","embeddable":true,"href":"https:\/\/blogdorogeriogomes.com.br\/noticias\/wp-json\/wp\/v2\/tags?post=29054"}],"curies":[{"name":"wp","href":"https:\/\/api.w.org\/{rel}","templated":true}]}}