{"id":29057,"date":"2023-04-24T09:54:58","date_gmt":"2023-04-24T09:54:58","guid":{"rendered":"https:\/\/blogdorogeriogomes.com.br\/?p=29057"},"modified":"2023-04-25T12:09:31","modified_gmt":"2023-04-25T12:09:31","slug":"elmano-de-freitas-vai-intensificar-encontro-com-parlamentares-e-prefeitos-para-definir-prioridades-nas-cidades-do-interior","status":"publish","type":"post","link":"https:\/\/blogdorogeriogomes.com.br\/noticias\/2023\/04\/elmano-de-freitas-vai-intensificar-encontro-com-parlamentares-e-prefeitos-para-definir-prioridades-nas-cidades-do-interior\/","title":{"rendered":"Elmano de Freitas vai intensificar encontro com parlamentares e prefeitos para definir prioridades nas cidades do interior"},"content":{"rendered":"\n<p>O governador do Cear\u00e1, Elmano de Freitas (PT), come\u00e7ou a receber a visita individual de parlamentares para ouvir as demandas dos deputados relacionadas \u00e0s suas bases partid\u00e1rias. A ideia \u00e9 definir prioridades em a\u00e7\u00f5es relacionadas aos munic\u00edpios do interior do Cear\u00e1. Parlamentares da base cobram uma maior participa\u00e7\u00e3o nas decis\u00f5es vindas do Pal\u00e1cio da Aboli\u00e7\u00e3o. As visitas acontecem no gabinete do governador na sede do Executivo estadual, em Fortaleza.<\/p>\n\n\n\n<p>Ap\u00f3s ouvir os deputados, o governador pretende se reunir de forma individual com os 184 prefeitos do Cear\u00e1. Elmano de Freitas quer contemplar prefeitos da base, mas tamb\u00e9m da oposi\u00e7\u00e3o. Deseja formar uma agenda de a\u00e7\u00f5es que venha a atender todas as regi\u00f5es do Estado.<\/p>\n\n\n\n<figure class=\"wp-block-image size-large\"><img loading=\"lazy\" decoding=\"async\" width=\"1024\" height=\"685\" src=\"https:\/\/blogdorogeriogomes.com.br\/wp-content\/uploads\/2023\/04\/IMG-20230424-WA0008-1024x685.jpg\" alt=\"\" class=\"wp-image-29058\" srcset=\"https:\/\/blogdorogeriogomes.com.br\/noticias\/wp-content\/uploads\/2023\/04\/IMG-20230424-WA0008-1024x685.jpg 1024w, https:\/\/blogdorogeriogomes.com.br\/noticias\/wp-content\/uploads\/2023\/04\/IMG-20230424-WA0008-300x201.jpg 300w, https:\/\/blogdorogeriogomes.com.br\/noticias\/wp-content\/uploads\/2023\/04\/IMG-20230424-WA0008-768x513.jpg 768w, https:\/\/blogdorogeriogomes.com.br\/noticias\/wp-content\/uploads\/2023\/04\/IMG-20230424-WA0008-800x535.jpg 800w, https:\/\/blogdorogeriogomes.com.br\/noticias\/wp-content\/uploads\/2023\/04\/IMG-20230424-WA0008.jpg 1080w\" sizes=\"auto, (max-width: 1024px) 100vw, 1024px\" \/><\/figure>\n","protected":false},"excerpt":{"rendered":"<p>O governador do Cear\u00e1, Elmano de Freitas (PT), come\u00e7ou a receber a visita individual de parlamentares para ouvir as demandas dos deputados relacionadas \u00e0s suas bases partid\u00e1rias. A ideia \u00e9 definir prioridades em a\u00e7\u00f5es relacionadas aos munic\u00edpios do interior do Cear\u00e1. Parlamentares da base cobram uma maior participa\u00e7\u00e3o nas decis\u00f5es vindas do Pal\u00e1cio da Aboli\u00e7\u00e3o. As visitas acontecem no gabinete do governador na sede do Executivo estadual, em Fortaleza. Ap\u00f3s ouvir os deputados, o governador pretende se reunir de&hellip;<\/p>\n","protected":false},"author":1,"featured_media":29058,"comment_status":"open","ping_status":"open","sticky":false,"template":"","format":"standard","meta":{"footnotes":""},"categories":[1],"tags":[],"class_list":["post-29057","post","type-post","status-publish","format-standard","has-post-thumbnail","hentry","category-noticias"],"_links":{"self":[{"href":"https:\/\/blogdorogeriogomes.com.br\/noticias\/wp-json\/wp\/v2\/posts\/29057","targetHints":{"allow":["GET"]}}],"collection":[{"href":"https:\/\/blogdorogeriogomes.com.br\/noticias\/wp-json\/wp\/v2\/posts"}],"about":[{"href":"https:\/\/blogdorogeriogomes.com.br\/noticias\/wp-json\/wp\/v2\/types\/post"}],"author":[{"embeddable":true,"href":"https:\/\/blogdorogeriogomes.com.br\/noticias\/wp-json\/wp\/v2\/users\/1"}],"replies":[{"embeddable":true,"href":"https:\/\/blogdorogeriogomes.com.br\/noticias\/wp-json\/wp\/v2\/comments?post=29057"}],"version-history":[{"count":1,"href":"https:\/\/blogdorogeriogomes.com.br\/noticias\/wp-json\/wp\/v2\/posts\/29057\/revisions"}],"predecessor-version":[{"id":29059,"href":"https:\/\/blogdorogeriogomes.com.br\/noticias\/wp-json\/wp\/v2\/posts\/29057\/revisions\/29059"}],"wp:featuredmedia":[{"embeddable":true,"href":"https:\/\/blogdorogeriogomes.com.br\/noticias\/wp-json\/wp\/v2\/media\/29058"}],"wp:attachment":[{"href":"https:\/\/blogdorogeriogomes.com.br\/noticias\/wp-json\/wp\/v2\/media?parent=29057"}],"wp:term":[{"taxonomy":"category","embeddable":true,"href":"https:\/\/blogdorogeriogomes.com.br\/noticias\/wp-json\/wp\/v2\/categories?post=29057"},{"taxonomy":"post_tag","embeddable":true,"href":"https:\/\/blogdorogeriogomes.com.br\/noticias\/wp-json\/wp\/v2\/tags?post=29057"}],"curies":[{"name":"wp","href":"https:\/\/api.w.org\/{rel}","templated":true}]}}