{"id":29060,"date":"2023-04-24T10:15:04","date_gmt":"2023-04-24T10:15:04","guid":{"rendered":"https:\/\/blogdorogeriogomes.com.br\/?p=29060"},"modified":"2023-04-25T12:09:21","modified_gmt":"2023-04-25T12:09:21","slug":"prefeitura-de-fortaleza-anuncia-pacote-de-investimento-para-escolas-e-creches-da-capital","status":"publish","type":"post","link":"https:\/\/blogdorogeriogomes.com.br\/noticias\/2023\/04\/prefeitura-de-fortaleza-anuncia-pacote-de-investimento-para-escolas-e-creches-da-capital\/","title":{"rendered":"Prefeitura de Fortaleza anuncia pacote de investimento para escolas e creches da Capital"},"content":{"rendered":"\n<p>A prefeito de Fortaleza, Jos\u00e9 Sarto (PDT), anuncia nesta segunda-feira, dia 24 de abril, a requalifica\u00e7\u00e3o de 17 equipamentos de educa\u00e7\u00e3o na Capital, incluindo escolas e creches. Ser\u00e3o investidos R$ 55 milh\u00f5es e 500 mil reais nas obras que fazem parte do pacote de melhorias em unidades de ensino da Rede Municipal.<\/p>\n\n\n\n<p>A assinatura da ordem de servi\u00e7o acontece na Escola de Tempo Integral Nossa Senhora de F\u00e1tima, no bairro Floresta, em Fortaleza. As obras ser\u00e3o executadas pela Secretaria Municipal da Infraestrutura. <\/p>\n\n\n\n<p>Ap\u00f3s ter conseguido recursos de financiamento para novos investimentos em Fortaleza, Jos\u00e9 Sarto aposta em uma nova agenda de obras tamb\u00e9m de olho no processo eleitoral. Em 2024, haver\u00e1 elei\u00e7\u00f5es para prefeito e vereadores. O pedetista j\u00e1 avisou que deseja concorrer \u00e0 reelei\u00e7\u00e3o.<br><\/p>\n\n\n\n<figure class=\"wp-block-image size-full\"><img loading=\"lazy\" decoding=\"async\" width=\"709\" height=\"432\" src=\"https:\/\/blogdorogeriogomes.com.br\/wp-content\/uploads\/2023\/04\/images-3-1.jpeg\" alt=\"\" class=\"wp-image-29061\" srcset=\"https:\/\/blogdorogeriogomes.com.br\/noticias\/wp-content\/uploads\/2023\/04\/images-3-1.jpeg 709w, https:\/\/blogdorogeriogomes.com.br\/noticias\/wp-content\/uploads\/2023\/04\/images-3-1-300x183.jpeg 300w\" sizes=\"auto, (max-width: 709px) 100vw, 709px\" \/><\/figure>\n","protected":false},"excerpt":{"rendered":"<p>A prefeito de Fortaleza, Jos\u00e9 Sarto (PDT), anuncia nesta segunda-feira, dia 24 de abril, a requalifica\u00e7\u00e3o de 17 equipamentos de educa\u00e7\u00e3o na Capital, incluindo escolas e creches. Ser\u00e3o investidos R$ 55 milh\u00f5es e 500 mil reais nas obras que fazem parte do pacote de melhorias em unidades de ensino da Rede Municipal. A assinatura da ordem de servi\u00e7o acontece na Escola de Tempo Integral Nossa Senhora de F\u00e1tima, no bairro Floresta, em Fortaleza. As obras ser\u00e3o executadas pela Secretaria&hellip;<\/p>\n","protected":false},"author":1,"featured_media":29061,"comment_status":"open","ping_status":"open","sticky":false,"template":"","format":"standard","meta":{"footnotes":""},"categories":[1],"tags":[],"class_list":["post-29060","post","type-post","status-publish","format-standard","has-post-thumbnail","hentry","category-noticias"],"_links":{"self":[{"href":"https:\/\/blogdorogeriogomes.com.br\/noticias\/wp-json\/wp\/v2\/posts\/29060","targetHints":{"allow":["GET"]}}],"collection":[{"href":"https:\/\/blogdorogeriogomes.com.br\/noticias\/wp-json\/wp\/v2\/posts"}],"about":[{"href":"https:\/\/blogdorogeriogomes.com.br\/noticias\/wp-json\/wp\/v2\/types\/post"}],"author":[{"embeddable":true,"href":"https:\/\/blogdorogeriogomes.com.br\/noticias\/wp-json\/wp\/v2\/users\/1"}],"replies":[{"embeddable":true,"href":"https:\/\/blogdorogeriogomes.com.br\/noticias\/wp-json\/wp\/v2\/comments?post=29060"}],"version-history":[{"count":1,"href":"https:\/\/blogdorogeriogomes.com.br\/noticias\/wp-json\/wp\/v2\/posts\/29060\/revisions"}],"predecessor-version":[{"id":29062,"href":"https:\/\/blogdorogeriogomes.com.br\/noticias\/wp-json\/wp\/v2\/posts\/29060\/revisions\/29062"}],"wp:featuredmedia":[{"embeddable":true,"href":"https:\/\/blogdorogeriogomes.com.br\/noticias\/wp-json\/wp\/v2\/media\/29061"}],"wp:attachment":[{"href":"https:\/\/blogdorogeriogomes.com.br\/noticias\/wp-json\/wp\/v2\/media?parent=29060"}],"wp:term":[{"taxonomy":"category","embeddable":true,"href":"https:\/\/blogdorogeriogomes.com.br\/noticias\/wp-json\/wp\/v2\/categories?post=29060"},{"taxonomy":"post_tag","embeddable":true,"href":"https:\/\/blogdorogeriogomes.com.br\/noticias\/wp-json\/wp\/v2\/tags?post=29060"}],"curies":[{"name":"wp","href":"https:\/\/api.w.org\/{rel}","templated":true}]}}