{"id":29063,"date":"2023-04-24T20:46:34","date_gmt":"2023-04-24T20:46:34","guid":{"rendered":"https:\/\/blogdorogeriogomes.com.br\/?p=29063"},"modified":"2023-04-25T12:09:15","modified_gmt":"2023-04-25T12:09:15","slug":"assembleia-legislativa-lanca-campanha-para-arrecadar-alimentos-para-campanha-de-combate-a-fome","status":"publish","type":"post","link":"https:\/\/blogdorogeriogomes.com.br\/noticias\/2023\/04\/assembleia-legislativa-lanca-campanha-para-arrecadar-alimentos-para-campanha-de-combate-a-fome\/","title":{"rendered":"Assembleia Legislativa lan\u00e7a campanha para arrecadar alimentos para campanha de combate a fome"},"content":{"rendered":"\n<p>A Assembleia Legislativa do Estado do Cear\u00e1, por meio do Comit\u00ea de Responsabilidade Social e do Movimento das Mulheres do Legislativo Cearense, em parceria com o Corpo de Bombeiros Militar do Estado do Cear\u00e1, lan\u00e7ou nesta segunda-feira, dia 24 de abril, a campanha &#8220;Repartir, a fome n\u00e3o espera&#8221;. O objetivo da a\u00e7\u00e3o \u00e9 arrecadar alimentos para pessoas e institui\u00e7\u00f5es em situa\u00e7\u00e3o de vulnerabilidade social por conta da fome.<\/p>\n\n\n\n<p>Durante a iniciativa, caixotes estar\u00e3o fixados nos quatro anexos da Casa e no pr\u00e9dio da Associac\u00e3o dos Servidores da Assembleia Legislativa do Cear\u00e1, com o intuito de receber as doa\u00e7\u00f5es de alimentos.<\/p>\n\n\n\n<p>Para a primeira-dama da Alece, Cristiane Leit\u00e3o, que \u00e9 idealizadora do Comit\u00ea de Responsabilidade Social e presidente de honra do Movimento das Mulheres do Legislativo Cearense, a a\u00e7\u00e3o surge em um momento em que a Assembleia Legislativa tem voltado as aten\u00e7\u00f5es para um problema que tem impactado a vida de diversas fam\u00edlias cearenses, que \u00e9 a fome. Em sua avalia\u00e7\u00e3o, a uni\u00e3o da sociedade civil com os setores pol\u00edticos pode fazer com que essa adversidade seja amenizada.<\/p>\n\n\n\n<p>&#8220;Sabemos que a fome tem gerado preocupa\u00e7\u00f5es para muitas fam\u00edlias cearenses. O Comit\u00ea de Responsabilidade Social da Alece tem articulado e programado a\u00e7\u00f5es de impacto, direcionando os olhares para essa problem\u00e1tica. O intuito da campanha, al\u00e9m de receber os alimentos e do\u00e1-los para quem mais precisa, \u00e9 de tamb\u00e9m sensibilizarmos as pessoas sobre essa situa\u00e7\u00e3o que vivemos n\u00e3o somente no estado do Cear\u00e1, mas em todo o Brasil&#8221;, afirma.<\/p>\n\n\n\n<p>A orientadora da C\u00e9lula de Fomento \u00e0 Cidadania e ao Empreendedorismo de Impacto Social, Luana Brasileiro, acrescenta a import\u00e2ncia do repartir, surgindo como uma ponte entre doadores e pessoas em situa\u00e7\u00e3o de vulnerabilidade.<\/p>\n\n\n\n<p>&#8220;A campanha vem com uma nova roupagem, comparada com outras campanhas de arrecada\u00e7\u00e3o que buscam apenas o assistencialismo. Buscamos, claro, oferecer assist\u00eancia. Mas nosso real prop\u00f3sito \u00e9 sensibilizar as pessoas da import\u00e2ncia de repartir e multiplicar o que temos com aqueles que mais precisam&#8221;, pondera.<\/p>\n\n\n\n<p>A campanha &#8220;Repartir, a fome n\u00e3o espera&#8221; tamb\u00e9m ter\u00e1 como parceiros a C\u00e9lula de Sa\u00fade e Seguran\u00e7a do Trabalho do Comit\u00ea de Responsabilidade Social, a Universidade do Parlamento Cearense (Unipace) e o Centro de Media\u00e7\u00e3o e Gest\u00e3o de Conflitos.<\/p>\n\n\n\n<figure class=\"wp-block-image size-large\"><img loading=\"lazy\" decoding=\"async\" width=\"819\" height=\"1024\" src=\"https:\/\/blogdorogeriogomes.com.br\/wp-content\/uploads\/2023\/04\/IMG-20230424-WA0055-819x1024.jpg\" alt=\"\" class=\"wp-image-29064\" srcset=\"https:\/\/blogdorogeriogomes.com.br\/noticias\/wp-content\/uploads\/2023\/04\/IMG-20230424-WA0055-819x1024.jpg 819w, https:\/\/blogdorogeriogomes.com.br\/noticias\/wp-content\/uploads\/2023\/04\/IMG-20230424-WA0055-240x300.jpg 240w, https:\/\/blogdorogeriogomes.com.br\/noticias\/wp-content\/uploads\/2023\/04\/IMG-20230424-WA0055-768x960.jpg 768w, https:\/\/blogdorogeriogomes.com.br\/noticias\/wp-content\/uploads\/2023\/04\/IMG-20230424-WA0055-800x1000.jpg 800w, https:\/\/blogdorogeriogomes.com.br\/noticias\/wp-content\/uploads\/2023\/04\/IMG-20230424-WA0055.jpg 1080w\" sizes=\"auto, (max-width: 819px) 100vw, 819px\" \/><\/figure>\n\n\n\n<p><\/p>\n\n\n\n<p><\/p>\n","protected":false},"excerpt":{"rendered":"<p>A Assembleia Legislativa do Estado do Cear\u00e1, por meio do Comit\u00ea de Responsabilidade Social e do Movimento das Mulheres do Legislativo Cearense, em parceria com o Corpo de Bombeiros Militar do Estado do Cear\u00e1, lan\u00e7ou nesta segunda-feira, dia 24 de abril, a campanha &#8220;Repartir, a fome n\u00e3o espera&#8221;. O objetivo da a\u00e7\u00e3o \u00e9 arrecadar alimentos para pessoas e institui\u00e7\u00f5es em situa\u00e7\u00e3o de vulnerabilidade social por conta da fome. Durante a iniciativa, caixotes estar\u00e3o fixados nos quatro anexos da Casa&hellip;<\/p>\n","protected":false},"author":1,"featured_media":29064,"comment_status":"open","ping_status":"open","sticky":false,"template":"","format":"standard","meta":{"footnotes":""},"categories":[1],"tags":[],"class_list":["post-29063","post","type-post","status-publish","format-standard","has-post-thumbnail","hentry","category-noticias"],"_links":{"self":[{"href":"https:\/\/blogdorogeriogomes.com.br\/noticias\/wp-json\/wp\/v2\/posts\/29063","targetHints":{"allow":["GET"]}}],"collection":[{"href":"https:\/\/blogdorogeriogomes.com.br\/noticias\/wp-json\/wp\/v2\/posts"}],"about":[{"href":"https:\/\/blogdorogeriogomes.com.br\/noticias\/wp-json\/wp\/v2\/types\/post"}],"author":[{"embeddable":true,"href":"https:\/\/blogdorogeriogomes.com.br\/noticias\/wp-json\/wp\/v2\/users\/1"}],"replies":[{"embeddable":true,"href":"https:\/\/blogdorogeriogomes.com.br\/noticias\/wp-json\/wp\/v2\/comments?post=29063"}],"version-history":[{"count":1,"href":"https:\/\/blogdorogeriogomes.com.br\/noticias\/wp-json\/wp\/v2\/posts\/29063\/revisions"}],"predecessor-version":[{"id":29065,"href":"https:\/\/blogdorogeriogomes.com.br\/noticias\/wp-json\/wp\/v2\/posts\/29063\/revisions\/29065"}],"wp:featuredmedia":[{"embeddable":true,"href":"https:\/\/blogdorogeriogomes.com.br\/noticias\/wp-json\/wp\/v2\/media\/29064"}],"wp:attachment":[{"href":"https:\/\/blogdorogeriogomes.com.br\/noticias\/wp-json\/wp\/v2\/media?parent=29063"}],"wp:term":[{"taxonomy":"category","embeddable":true,"href":"https:\/\/blogdorogeriogomes.com.br\/noticias\/wp-json\/wp\/v2\/categories?post=29063"},{"taxonomy":"post_tag","embeddable":true,"href":"https:\/\/blogdorogeriogomes.com.br\/noticias\/wp-json\/wp\/v2\/tags?post=29063"}],"curies":[{"name":"wp","href":"https:\/\/api.w.org\/{rel}","templated":true}]}}