{"id":29069,"date":"2023-04-24T21:17:58","date_gmt":"2023-04-24T21:17:58","guid":{"rendered":"https:\/\/blogdorogeriogomes.com.br\/?p=29069"},"modified":"2023-04-25T12:09:02","modified_gmt":"2023-04-25T12:09:02","slug":"chico-buarque-recebe-premio-camoes-em-portugal-e-diz-bolsonaro-teve-a-rara-fineza-de-nao-sujar-meu-premio","status":"publish","type":"post","link":"https:\/\/blogdorogeriogomes.com.br\/noticias\/2023\/04\/chico-buarque-recebe-premio-camoes-em-portugal-e-diz-bolsonaro-teve-a-rara-fineza-de-nao-sujar-meu-premio\/","title":{"rendered":"Chico Buarque recebe Pr\u00eamio Cam\u00f5es em Portugal e diz: &#8220;Bolsonaro teve a rara fineza de n\u00e3o sujar meu pr\u00eamio&#8221;"},"content":{"rendered":"\n<p>O cantor e compositor&nbsp;Chico Buarque, de 78 anos, recebeu o pr\u00eamio Cam\u00f5es, o mais importante da literatura de l\u00edngua portuguesa, em uma cerim\u00f4nia em Sintra, em Portugal, nesta segunda-feira, dia 24 de abril.<\/p>\n\n\n\n<p>Chico recebeu o pr\u00eamio quatro anos depois de t\u00ea-lo ganhado, em 2019. A demora se deveu \u00e0 recusa do ex-presidente Jair Bolsonaro em assinar a documenta\u00e7\u00e3o necess\u00e1ria para que o artista recebesse o diploma.<\/p>\n\n\n\n<p>&#8220;Conforta-me lembrar que o ex-presidente teve a rara fineza de n\u00e3o sujar o diploma do meu pr\u00eamio Cam\u00f5es, deixando espa\u00e7o para a assinatura do nosso presidente Lula. Recebo esse pr\u00eamio menos como honraria pessoal e mais como desagravo a tantos autores e artistas humilhados e ofendidos nesses \u00faltimos anos de estupidez e obscurantismo&#8221;, disse Chico Buarque.<\/p>\n\n\n\n<figure class=\"wp-block-image size-full\"><img loading=\"lazy\" decoding=\"async\" width=\"1024\" height=\"682\" src=\"https:\/\/blogdorogeriogomes.com.br\/wp-content\/uploads\/2023\/04\/IMG-20230424-WA0095.jpg\" alt=\"\" class=\"wp-image-29070\" srcset=\"https:\/\/blogdorogeriogomes.com.br\/noticias\/wp-content\/uploads\/2023\/04\/IMG-20230424-WA0095.jpg 1024w, https:\/\/blogdorogeriogomes.com.br\/noticias\/wp-content\/uploads\/2023\/04\/IMG-20230424-WA0095-300x200.jpg 300w, https:\/\/blogdorogeriogomes.com.br\/noticias\/wp-content\/uploads\/2023\/04\/IMG-20230424-WA0095-768x512.jpg 768w, https:\/\/blogdorogeriogomes.com.br\/noticias\/wp-content\/uploads\/2023\/04\/IMG-20230424-WA0095-800x533.jpg 800w\" sizes=\"auto, (max-width: 1024px) 100vw, 1024px\" \/><\/figure>\n","protected":false},"excerpt":{"rendered":"<p>O cantor e compositor&nbsp;Chico Buarque, de 78 anos, recebeu o pr\u00eamio Cam\u00f5es, o mais importante da literatura de l\u00edngua portuguesa, em uma cerim\u00f4nia em Sintra, em Portugal, nesta segunda-feira, dia 24 de abril. Chico recebeu o pr\u00eamio quatro anos depois de t\u00ea-lo ganhado, em 2019. A demora se deveu \u00e0 recusa do ex-presidente Jair Bolsonaro em assinar a documenta\u00e7\u00e3o necess\u00e1ria para que o artista recebesse o diploma. &#8220;Conforta-me lembrar que o ex-presidente teve a rara fineza de n\u00e3o sujar&hellip;<\/p>\n","protected":false},"author":1,"featured_media":29070,"comment_status":"open","ping_status":"open","sticky":false,"template":"","format":"standard","meta":{"footnotes":""},"categories":[1],"tags":[],"class_list":["post-29069","post","type-post","status-publish","format-standard","has-post-thumbnail","hentry","category-noticias"],"_links":{"self":[{"href":"https:\/\/blogdorogeriogomes.com.br\/noticias\/wp-json\/wp\/v2\/posts\/29069","targetHints":{"allow":["GET"]}}],"collection":[{"href":"https:\/\/blogdorogeriogomes.com.br\/noticias\/wp-json\/wp\/v2\/posts"}],"about":[{"href":"https:\/\/blogdorogeriogomes.com.br\/noticias\/wp-json\/wp\/v2\/types\/post"}],"author":[{"embeddable":true,"href":"https:\/\/blogdorogeriogomes.com.br\/noticias\/wp-json\/wp\/v2\/users\/1"}],"replies":[{"embeddable":true,"href":"https:\/\/blogdorogeriogomes.com.br\/noticias\/wp-json\/wp\/v2\/comments?post=29069"}],"version-history":[{"count":2,"href":"https:\/\/blogdorogeriogomes.com.br\/noticias\/wp-json\/wp\/v2\/posts\/29069\/revisions"}],"predecessor-version":[{"id":29079,"href":"https:\/\/blogdorogeriogomes.com.br\/noticias\/wp-json\/wp\/v2\/posts\/29069\/revisions\/29079"}],"wp:featuredmedia":[{"embeddable":true,"href":"https:\/\/blogdorogeriogomes.com.br\/noticias\/wp-json\/wp\/v2\/media\/29070"}],"wp:attachment":[{"href":"https:\/\/blogdorogeriogomes.com.br\/noticias\/wp-json\/wp\/v2\/media?parent=29069"}],"wp:term":[{"taxonomy":"category","embeddable":true,"href":"https:\/\/blogdorogeriogomes.com.br\/noticias\/wp-json\/wp\/v2\/categories?post=29069"},{"taxonomy":"post_tag","embeddable":true,"href":"https:\/\/blogdorogeriogomes.com.br\/noticias\/wp-json\/wp\/v2\/tags?post=29069"}],"curies":[{"name":"wp","href":"https:\/\/api.w.org\/{rel}","templated":true}]}}