{"id":29072,"date":"2023-04-25T09:43:50","date_gmt":"2023-04-25T09:43:50","guid":{"rendered":"https:\/\/blogdorogeriogomes.com.br\/?p=29072"},"modified":"2023-04-25T12:08:52","modified_gmt":"2023-04-25T12:08:52","slug":"dose-de-reforco-da-vacina-bivalente-contra-covid-19-e-ampliada-para-as-pessoas-acima-de-18-anos","status":"publish","type":"post","link":"https:\/\/blogdorogeriogomes.com.br\/noticias\/2023\/04\/dose-de-reforco-da-vacina-bivalente-contra-covid-19-e-ampliada-para-as-pessoas-acima-de-18-anos\/","title":{"rendered":"Dose de refor\u00e7o da vacina bivalente contra Covid-19 \u00e9 ampliada para as pessoas acima de 18 anos"},"content":{"rendered":"\n<p>O<strong>&nbsp;<\/strong>Minist\u00e9rio da Sa\u00fade ampliou a vacina\u00e7\u00e3o da dose da vacina bivalente&nbsp;contra a Covid-19 para toda a popula\u00e7\u00e3o acima de 18 anos. Cerca de 97 milh\u00f5es de brasileiros podem receber refor\u00e7o.<\/p>\n\n\n\n<p>A dose de refor\u00e7o deve ser aplicada em que j\u00e1 recebeu, pelo menos, duas doses de vacinas monovalentes, como Coronavac, Astrazeneca ou Pfizer.&nbsp;<\/p>\n\n\n\n<p>A \u00faltima dose deve ter sido administrada h\u00e1 pelo menos&nbsp;quatro meses. Quem ainda n\u00e3o completou o ciclo vacinal e tem alguma das doses de refor\u00e7o em atraso tamb\u00e9m pode receber a vacina bivalente.<\/p>\n\n\n\n<figure class=\"wp-block-image size-full\"><img loading=\"lazy\" decoding=\"async\" width=\"678\" height=\"452\" src=\"https:\/\/blogdorogeriogomes.com.br\/wp-content\/uploads\/2023\/04\/images-5-1.jpeg\" alt=\"\" class=\"wp-image-29073\" srcset=\"https:\/\/blogdorogeriogomes.com.br\/noticias\/wp-content\/uploads\/2023\/04\/images-5-1.jpeg 678w, https:\/\/blogdorogeriogomes.com.br\/noticias\/wp-content\/uploads\/2023\/04\/images-5-1-300x200.jpeg 300w\" sizes=\"auto, (max-width: 678px) 100vw, 678px\" \/><\/figure>\n","protected":false},"excerpt":{"rendered":"<p>O&nbsp;Minist\u00e9rio da Sa\u00fade ampliou a vacina\u00e7\u00e3o da dose da vacina bivalente&nbsp;contra a Covid-19 para toda a popula\u00e7\u00e3o acima de 18 anos. Cerca de 97 milh\u00f5es de brasileiros podem receber refor\u00e7o. A dose de refor\u00e7o deve ser aplicada em que j\u00e1 recebeu, pelo menos, duas doses de vacinas monovalentes, como Coronavac, Astrazeneca ou Pfizer.&nbsp; A \u00faltima dose deve ter sido administrada h\u00e1 pelo menos&nbsp;quatro meses. Quem ainda n\u00e3o completou o ciclo vacinal e tem alguma das doses de refor\u00e7o em&hellip;<\/p>\n","protected":false},"author":1,"featured_media":29073,"comment_status":"open","ping_status":"open","sticky":false,"template":"","format":"standard","meta":{"footnotes":""},"categories":[1],"tags":[],"class_list":["post-29072","post","type-post","status-publish","format-standard","has-post-thumbnail","hentry","category-noticias"],"_links":{"self":[{"href":"https:\/\/blogdorogeriogomes.com.br\/noticias\/wp-json\/wp\/v2\/posts\/29072","targetHints":{"allow":["GET"]}}],"collection":[{"href":"https:\/\/blogdorogeriogomes.com.br\/noticias\/wp-json\/wp\/v2\/posts"}],"about":[{"href":"https:\/\/blogdorogeriogomes.com.br\/noticias\/wp-json\/wp\/v2\/types\/post"}],"author":[{"embeddable":true,"href":"https:\/\/blogdorogeriogomes.com.br\/noticias\/wp-json\/wp\/v2\/users\/1"}],"replies":[{"embeddable":true,"href":"https:\/\/blogdorogeriogomes.com.br\/noticias\/wp-json\/wp\/v2\/comments?post=29072"}],"version-history":[{"count":2,"href":"https:\/\/blogdorogeriogomes.com.br\/noticias\/wp-json\/wp\/v2\/posts\/29072\/revisions"}],"predecessor-version":[{"id":29078,"href":"https:\/\/blogdorogeriogomes.com.br\/noticias\/wp-json\/wp\/v2\/posts\/29072\/revisions\/29078"}],"wp:featuredmedia":[{"embeddable":true,"href":"https:\/\/blogdorogeriogomes.com.br\/noticias\/wp-json\/wp\/v2\/media\/29073"}],"wp:attachment":[{"href":"https:\/\/blogdorogeriogomes.com.br\/noticias\/wp-json\/wp\/v2\/media?parent=29072"}],"wp:term":[{"taxonomy":"category","embeddable":true,"href":"https:\/\/blogdorogeriogomes.com.br\/noticias\/wp-json\/wp\/v2\/categories?post=29072"},{"taxonomy":"post_tag","embeddable":true,"href":"https:\/\/blogdorogeriogomes.com.br\/noticias\/wp-json\/wp\/v2\/tags?post=29072"}],"curies":[{"name":"wp","href":"https:\/\/api.w.org\/{rel}","templated":true}]}}