{"id":29075,"date":"2023-04-25T09:58:58","date_gmt":"2023-04-25T09:58:58","guid":{"rendered":"https:\/\/blogdorogeriogomes.com.br\/?p=29075"},"modified":"2023-04-25T12:08:46","modified_gmt":"2023-04-25T12:08:46","slug":"elmano-de-freitas-discute-pauta-do-hidrogenio-verde-com-vice-presidente-geraldo-alckmin","status":"publish","type":"post","link":"https:\/\/blogdorogeriogomes.com.br\/noticias\/2023\/04\/elmano-de-freitas-discute-pauta-do-hidrogenio-verde-com-vice-presidente-geraldo-alckmin\/","title":{"rendered":"Elmano de Freitas discute pauta do hidrog\u00eanio verde com vice-presidente Geraldo Alckmin"},"content":{"rendered":"\n<p>O governador do Cear\u00e1, Elmano de Freitas (PT) se reuniu com o presidente da Rep\u00fablica em exerc\u00edcio, Geraldo Alckmin, em Bras\u00edlia, nesta segunda-feira, dia 24 de abril. Elmano apresentou o potencial de desenvolvimento econ\u00f4mico e social com a produ\u00e7\u00e3o de energia renov\u00e1vel no Cear\u00e1, principalmente levando em considera\u00e7\u00e3o o fato de o Cear\u00e1 ter sol e vento durante a maior parte do ano, aliado ao potencial estrat\u00e9gico do Porto do Pec\u00e9m e a experi\u00eancia log\u00edstica da nossa Zona de Processamento de Exporta\u00e7\u00e3o.<\/p>\n\n\n\n<p>&#8220;Conversamos tamb\u00e9m sobre a regulamenta\u00e7\u00e3o da produ\u00e7\u00e3o do hidrog\u00eanio verde no Pa\u00eds para que mais empresas possam investir no Brasil nos pr\u00f3ximos anos, fazendo crescer a economia e gerando postos de trabalho para o nosso povo&#8221;, disse Elmano.<\/p>\n\n\n\n<p>Na agenda em Bras\u00edlia, o governador do Cear\u00e1 ainda esteve em audi\u00eancia com o ministro da Fazenda, Fernando Haddad, e com o secret\u00e1rio nacional de Participa\u00e7\u00e3o Social, Renato Sim\u00f5es, com quem tratou sobre o Plano Plurianual (PPA) Participativo em que a sociedade civil organizada poder\u00e1 opinar sobre as prioridades do Governo Federal para o per\u00edodo 2024-2027.<\/p>\n\n\n\n<p>&#8220;O Cear\u00e1 ser\u00e1 o segundo estado do pa\u00eds a sediar a plen\u00e1ria do PPA para que possamos exp\u00f4r nossas propostas de desenvolvimento para o pa\u00eds&#8221;, completou Elmano de Freitas.<\/p>\n\n\n\n<figure class=\"wp-block-image size-large\"><img loading=\"lazy\" decoding=\"async\" width=\"1024\" height=\"686\" src=\"https:\/\/blogdorogeriogomes.com.br\/wp-content\/uploads\/2023\/04\/IMG-20230425-WA0007-1024x686.jpg\" alt=\"\" class=\"wp-image-29076\" srcset=\"https:\/\/blogdorogeriogomes.com.br\/noticias\/wp-content\/uploads\/2023\/04\/IMG-20230425-WA0007-1024x686.jpg 1024w, https:\/\/blogdorogeriogomes.com.br\/noticias\/wp-content\/uploads\/2023\/04\/IMG-20230425-WA0007-300x201.jpg 300w, https:\/\/blogdorogeriogomes.com.br\/noticias\/wp-content\/uploads\/2023\/04\/IMG-20230425-WA0007-768x515.jpg 768w, https:\/\/blogdorogeriogomes.com.br\/noticias\/wp-content\/uploads\/2023\/04\/IMG-20230425-WA0007-800x536.jpg 800w, https:\/\/blogdorogeriogomes.com.br\/noticias\/wp-content\/uploads\/2023\/04\/IMG-20230425-WA0007.jpg 1080w\" sizes=\"auto, (max-width: 1024px) 100vw, 1024px\" \/><\/figure>\n","protected":false},"excerpt":{"rendered":"<p>O governador do Cear\u00e1, Elmano de Freitas (PT) se reuniu com o presidente da Rep\u00fablica em exerc\u00edcio, Geraldo Alckmin, em Bras\u00edlia, nesta segunda-feira, dia 24 de abril. Elmano apresentou o potencial de desenvolvimento econ\u00f4mico e social com a produ\u00e7\u00e3o de energia renov\u00e1vel no Cear\u00e1, principalmente levando em considera\u00e7\u00e3o o fato de o Cear\u00e1 ter sol e vento durante a maior parte do ano, aliado ao potencial estrat\u00e9gico do Porto do Pec\u00e9m e a experi\u00eancia log\u00edstica da nossa Zona de&hellip;<\/p>\n","protected":false},"author":1,"featured_media":29076,"comment_status":"open","ping_status":"open","sticky":false,"template":"","format":"standard","meta":{"footnotes":""},"categories":[1],"tags":[],"class_list":["post-29075","post","type-post","status-publish","format-standard","has-post-thumbnail","hentry","category-noticias"],"_links":{"self":[{"href":"https:\/\/blogdorogeriogomes.com.br\/noticias\/wp-json\/wp\/v2\/posts\/29075","targetHints":{"allow":["GET"]}}],"collection":[{"href":"https:\/\/blogdorogeriogomes.com.br\/noticias\/wp-json\/wp\/v2\/posts"}],"about":[{"href":"https:\/\/blogdorogeriogomes.com.br\/noticias\/wp-json\/wp\/v2\/types\/post"}],"author":[{"embeddable":true,"href":"https:\/\/blogdorogeriogomes.com.br\/noticias\/wp-json\/wp\/v2\/users\/1"}],"replies":[{"embeddable":true,"href":"https:\/\/blogdorogeriogomes.com.br\/noticias\/wp-json\/wp\/v2\/comments?post=29075"}],"version-history":[{"count":1,"href":"https:\/\/blogdorogeriogomes.com.br\/noticias\/wp-json\/wp\/v2\/posts\/29075\/revisions"}],"predecessor-version":[{"id":29077,"href":"https:\/\/blogdorogeriogomes.com.br\/noticias\/wp-json\/wp\/v2\/posts\/29075\/revisions\/29077"}],"wp:featuredmedia":[{"embeddable":true,"href":"https:\/\/blogdorogeriogomes.com.br\/noticias\/wp-json\/wp\/v2\/media\/29076"}],"wp:attachment":[{"href":"https:\/\/blogdorogeriogomes.com.br\/noticias\/wp-json\/wp\/v2\/media?parent=29075"}],"wp:term":[{"taxonomy":"category","embeddable":true,"href":"https:\/\/blogdorogeriogomes.com.br\/noticias\/wp-json\/wp\/v2\/categories?post=29075"},{"taxonomy":"post_tag","embeddable":true,"href":"https:\/\/blogdorogeriogomes.com.br\/noticias\/wp-json\/wp\/v2\/tags?post=29075"}],"curies":[{"name":"wp","href":"https:\/\/api.w.org\/{rel}","templated":true}]}}