{"id":29088,"date":"2023-04-26T09:52:55","date_gmt":"2023-04-26T09:52:55","guid":{"rendered":"https:\/\/blogdorogeriogomes.com.br\/?p=29088"},"modified":"2023-04-26T17:40:14","modified_gmt":"2023-04-26T17:40:14","slug":"governo-lula-consegue-vitoria-na-camara-e-aprova-urgencia-na-votacao-da-pl-de-combate-as-fake-news-na-internet","status":"publish","type":"post","link":"https:\/\/blogdorogeriogomes.com.br\/noticias\/2023\/04\/governo-lula-consegue-vitoria-na-camara-e-aprova-urgencia-na-votacao-da-pl-de-combate-as-fake-news-na-internet\/","title":{"rendered":"Governo Lula consegue vit\u00f3ria na C\u00e2mara e aprova urg\u00eancia na vota\u00e7\u00e3o da PL de combate \u00e0s fake news na Internet"},"content":{"rendered":"\n<p>O plen\u00e1rio da C\u00e2mara da C\u00e2mara dos Deputados, aprovou nesta ter\u00e7a-feira, dia 25 de abril, por 238 votos a 192, o requerimento de urg\u00eancia do projeto de lei que regulamenta as redes sociais, chamado de PL das Fake News. Era necess\u00e1ria maioria simples pela aprova\u00e7\u00e3o, ou seja, maioria mais um deputado entre os 431 presentes.<\/p>\n\n\n\n<p>O projeto p\u00f5e um freio nas plataformas quanto a obriga\u00e7\u00e3o de retirada de conte\u00fado falso e que incentiva a viol\u00eancia contra grupos minorit\u00e1rios. Outro objetivo \u00e9 enquadrar quem espalha e<br>quem produz as chamadas &#8220;fake news&#8221;.<\/p>\n\n\n\n<p>E claro que o bolsonarismo, que cresceu atrav\u00e9s da dissemina\u00e7\u00e3o de not\u00edcias falsas nas redes sociais, votou contra. Urg\u00eancia aprovada, na pr\u00f3xima semana, a<br>vota\u00e7\u00e3o deve acontecer em Plen\u00e1rio. E a<br>tend\u00eancia \u00e9 de aprova\u00e7\u00e3o do projeto de combate \u00e0s &#8220;fake news&#8221;.<\/p>\n\n\n\n<p>Veja como votaram os deputados federais cearenses:<\/p>\n\n\n\n<p>SIM (contra as fake news)<\/p>\n\n\n\n<p>AJ Albuquerque (PP) \u2013 SIM<br>Andr\u00e9 Figuereido (PDT) -SIM<br>Danilo Forte (UNI\u00c3O) \u2013 SIM<br>Eduardo Bismarck (PDT) \u2013 SIM<br>Eun\u00edcio Oliveira (MDB) \u2013 SIM<br>Fernanda Pessoa (UNI\u00c3O) \u2013 SIM<br>Idilvan Alencar (PDT) \u2013 SIM<br>Jos\u00e9 Airton (PT) \u2013 SIM<br>Jos\u00e9 Guimaraes (PT) \u2013 SIM<br>Leonidas Cristino (PDT) \u2013 SIM<br>Luis Gast\u00e3o (PSD) \u2013 SIM<br>Luizianne Lins (PT) \u2013 SIM<br>Mauro Benevides Filho (PDT) \u2013 SIM<br>Moses Rodrigues (UNI\u00c3O) \u2013 SIM<br>Yury do Pared\u00e3o (PL) \u2013 SIM<\/p>\n\n\n\n<p>N\u00c3O (a favor das fake news)<\/p>\n\n\n\n<p>Andr\u00e9 Fernandes (PL) \u2013 N\u00c3O<br>Dayane do Capit\u00e3o (UNI\u00c3O) &#8211; N\u00c3O<br>Dr. Jaziel (PL) &#8211; N\u00c3O<\/p>\n\n\n\n<p>ABSTEN\u00c7\u00c3O <\/p>\n\n\n\n<p>Julio Mano (PL) \u2013 N\u00c3O VOTOU<br>Matheus Noronha (PL) \u2013 N\u00c3O VOTOU<br>C\u00e9lio Studart (PSD) \u2013 N\u00c3O VOTOU<br>Domingos Neto (PSD) \u2013 N\u00c3O VOTOU<\/p>\n\n\n\n<figure class=\"wp-block-image size-full\"><img loading=\"lazy\" decoding=\"async\" width=\"739\" height=\"415\" src=\"https:\/\/blogdorogeriogomes.com.br\/wp-content\/uploads\/2023\/04\/images-6.jpeg\" alt=\"\" class=\"wp-image-29089\" srcset=\"https:\/\/blogdorogeriogomes.com.br\/noticias\/wp-content\/uploads\/2023\/04\/images-6.jpeg 739w, https:\/\/blogdorogeriogomes.com.br\/noticias\/wp-content\/uploads\/2023\/04\/images-6-300x168.jpeg 300w\" sizes=\"auto, (max-width: 739px) 100vw, 739px\" \/><\/figure>\n\n\n\n<p><\/p>\n\n\n\n<p><\/p>\n\n\n\n<p><\/p>\n\n\n\n<p><\/p>\n\n\n\n<p><\/p>\n\n\n\n<p><\/p>\n\n\n\n<p><\/p>\n","protected":false},"excerpt":{"rendered":"<p>O plen\u00e1rio da C\u00e2mara da C\u00e2mara dos Deputados, aprovou nesta ter\u00e7a-feira, dia 25 de abril, por 238 votos a 192, o requerimento de urg\u00eancia do projeto de lei que regulamenta as redes sociais, chamado de PL das Fake News. Era necess\u00e1ria maioria simples pela aprova\u00e7\u00e3o, ou seja, maioria mais um deputado entre os 431 presentes. O projeto p\u00f5e um freio nas plataformas quanto a obriga\u00e7\u00e3o de retirada de conte\u00fado falso e que incentiva a viol\u00eancia contra grupos minorit\u00e1rios. Outro&hellip;<\/p>\n","protected":false},"author":1,"featured_media":29089,"comment_status":"open","ping_status":"open","sticky":false,"template":"","format":"standard","meta":{"footnotes":""},"categories":[1],"tags":[],"class_list":["post-29088","post","type-post","status-publish","format-standard","has-post-thumbnail","hentry","category-noticias"],"_links":{"self":[{"href":"https:\/\/blogdorogeriogomes.com.br\/noticias\/wp-json\/wp\/v2\/posts\/29088","targetHints":{"allow":["GET"]}}],"collection":[{"href":"https:\/\/blogdorogeriogomes.com.br\/noticias\/wp-json\/wp\/v2\/posts"}],"about":[{"href":"https:\/\/blogdorogeriogomes.com.br\/noticias\/wp-json\/wp\/v2\/types\/post"}],"author":[{"embeddable":true,"href":"https:\/\/blogdorogeriogomes.com.br\/noticias\/wp-json\/wp\/v2\/users\/1"}],"replies":[{"embeddable":true,"href":"https:\/\/blogdorogeriogomes.com.br\/noticias\/wp-json\/wp\/v2\/comments?post=29088"}],"version-history":[{"count":2,"href":"https:\/\/blogdorogeriogomes.com.br\/noticias\/wp-json\/wp\/v2\/posts\/29088\/revisions"}],"predecessor-version":[{"id":29091,"href":"https:\/\/blogdorogeriogomes.com.br\/noticias\/wp-json\/wp\/v2\/posts\/29088\/revisions\/29091"}],"wp:featuredmedia":[{"embeddable":true,"href":"https:\/\/blogdorogeriogomes.com.br\/noticias\/wp-json\/wp\/v2\/media\/29089"}],"wp:attachment":[{"href":"https:\/\/blogdorogeriogomes.com.br\/noticias\/wp-json\/wp\/v2\/media?parent=29088"}],"wp:term":[{"taxonomy":"category","embeddable":true,"href":"https:\/\/blogdorogeriogomes.com.br\/noticias\/wp-json\/wp\/v2\/categories?post=29088"},{"taxonomy":"post_tag","embeddable":true,"href":"https:\/\/blogdorogeriogomes.com.br\/noticias\/wp-json\/wp\/v2\/tags?post=29088"}],"curies":[{"name":"wp","href":"https:\/\/api.w.org\/{rel}","templated":true}]}}