{"id":29098,"date":"2023-04-26T19:42:00","date_gmt":"2023-04-26T19:42:00","guid":{"rendered":"https:\/\/blogdorogeriogomes.com.br\/?p=29098"},"modified":"2023-04-27T12:03:52","modified_gmt":"2023-04-27T12:03:52","slug":"flavio-dino-anuncia-mais-recursos-para-seguranca-no-ceara-e-reforca-combate-as-redes-sociais-que-difundem-violencia-e-nazismo","status":"publish","type":"post","link":"https:\/\/blogdorogeriogomes.com.br\/noticias\/2023\/04\/flavio-dino-anuncia-mais-recursos-para-seguranca-no-ceara-e-reforca-combate-as-redes-sociais-que-difundem-violencia-e-nazismo\/","title":{"rendered":"Fl\u00e1vio Dino anuncia mais recursos para seguran\u00e7a no Cear\u00e1 e refor\u00e7a combate \u00e0s redes sociais que difundem viol\u00eancia e nazismo"},"content":{"rendered":"\n<p>O ministro da Justi\u00e7a, Fl\u00e1vio Dino, fez a entrega de equipamentos de seguran\u00e7a ao Governo do Cear\u00e1, em solenidade no Pal\u00e1cio da Aboli\u00e7\u00e3o, nesta quarta-feira, dia 26 de abril. Foram entregues novos ve\u00edculos para a seguran\u00e7a p\u00fablica do Estado atrav\u00e9s do Pronasci 2, o Programa Nacional de Seguran\u00e7a P\u00fablica com Cidadania. Os equipamentos v\u00eam refor\u00e7ar a\u00e7\u00f5es do Estado de combate \u00e0 viol\u00eancia contra a mulher. O ministro da Justi\u00e7a, Fl\u00e1vio Dino, e o governador Elmano de Freitas destacaram a parceria do Governo Federal na busca de diminuir os \u00edndices de criminalidade.<\/p>\n\n\n\n<p>Dino defende a cria\u00e7\u00e3o de um pacto de combate \u00e0s organiza\u00e7\u00f5es criminosas. E para isso, segundo ele, n\u00e3o faltar\u00e3o recursos. Ele voltou a cobrar a responsabilidade das redes sociais na difus\u00e3o de mensagens de viol\u00eancia e defesa do nazismo. E garante que as plataformas que n\u00e3o retirarem o conte\u00fado do ar, ser\u00e3o enquadradas segundo a Lei. E citou o exemplo do Telegram, que foi suspenso no Pa\u00eds pela Justi\u00e7a porque estava hospedando na plataforma um grupo neonazista.<\/p>\n\n\n\n<p>Fl\u00e1vio Dino comentou que a CPMI do Congresso para apurar os atos golpistas de 8 de janeiro devem ajudar a apontar os culpados pela tentativa de golpe de Estado. E n\u00e3o descarta que o ex-presidente Jair Bolsonaro, que prestou depoimento na Pol\u00edcia Federal, tamb\u00e9m possa a ser responsabilizado por incentivo aos ataques em Bras\u00edlia.<\/p>\n\n\n\n<figure class=\"wp-block-image size-large\"><img loading=\"lazy\" decoding=\"async\" width=\"1024\" height=\"576\" src=\"https:\/\/blogdorogeriogomes.com.br\/wp-content\/uploads\/2023\/04\/WhatsApp-Image-2023-04-26-at-15.43.55-1024x576.jpeg\" alt=\"\" class=\"wp-image-29099\" srcset=\"https:\/\/blogdorogeriogomes.com.br\/noticias\/wp-content\/uploads\/2023\/04\/WhatsApp-Image-2023-04-26-at-15.43.55-1024x576.jpeg 1024w, https:\/\/blogdorogeriogomes.com.br\/noticias\/wp-content\/uploads\/2023\/04\/WhatsApp-Image-2023-04-26-at-15.43.55-300x169.jpeg 300w, https:\/\/blogdorogeriogomes.com.br\/noticias\/wp-content\/uploads\/2023\/04\/WhatsApp-Image-2023-04-26-at-15.43.55-768x432.jpeg 768w, https:\/\/blogdorogeriogomes.com.br\/noticias\/wp-content\/uploads\/2023\/04\/WhatsApp-Image-2023-04-26-at-15.43.55-800x450.jpeg 800w, https:\/\/blogdorogeriogomes.com.br\/noticias\/wp-content\/uploads\/2023\/04\/WhatsApp-Image-2023-04-26-at-15.43.55.jpeg 1280w\" sizes=\"auto, (max-width: 1024px) 100vw, 1024px\" \/><\/figure>\n","protected":false},"excerpt":{"rendered":"<p>O ministro da Justi\u00e7a, Fl\u00e1vio Dino, fez a entrega de equipamentos de seguran\u00e7a ao Governo do Cear\u00e1, em solenidade no Pal\u00e1cio da Aboli\u00e7\u00e3o, nesta quarta-feira, dia 26 de abril. Foram entregues novos ve\u00edculos para a seguran\u00e7a p\u00fablica do Estado atrav\u00e9s do Pronasci 2, o Programa Nacional de Seguran\u00e7a P\u00fablica com Cidadania. Os equipamentos v\u00eam refor\u00e7ar a\u00e7\u00f5es do Estado de combate \u00e0 viol\u00eancia contra a mulher. O ministro da Justi\u00e7a, Fl\u00e1vio Dino, e o governador Elmano de Freitas destacaram a&hellip;<\/p>\n","protected":false},"author":1,"featured_media":29099,"comment_status":"open","ping_status":"open","sticky":false,"template":"","format":"standard","meta":{"footnotes":""},"categories":[1],"tags":[],"class_list":["post-29098","post","type-post","status-publish","format-standard","has-post-thumbnail","hentry","category-noticias"],"_links":{"self":[{"href":"https:\/\/blogdorogeriogomes.com.br\/noticias\/wp-json\/wp\/v2\/posts\/29098","targetHints":{"allow":["GET"]}}],"collection":[{"href":"https:\/\/blogdorogeriogomes.com.br\/noticias\/wp-json\/wp\/v2\/posts"}],"about":[{"href":"https:\/\/blogdorogeriogomes.com.br\/noticias\/wp-json\/wp\/v2\/types\/post"}],"author":[{"embeddable":true,"href":"https:\/\/blogdorogeriogomes.com.br\/noticias\/wp-json\/wp\/v2\/users\/1"}],"replies":[{"embeddable":true,"href":"https:\/\/blogdorogeriogomes.com.br\/noticias\/wp-json\/wp\/v2\/comments?post=29098"}],"version-history":[{"count":1,"href":"https:\/\/blogdorogeriogomes.com.br\/noticias\/wp-json\/wp\/v2\/posts\/29098\/revisions"}],"predecessor-version":[{"id":29100,"href":"https:\/\/blogdorogeriogomes.com.br\/noticias\/wp-json\/wp\/v2\/posts\/29098\/revisions\/29100"}],"wp:featuredmedia":[{"embeddable":true,"href":"https:\/\/blogdorogeriogomes.com.br\/noticias\/wp-json\/wp\/v2\/media\/29099"}],"wp:attachment":[{"href":"https:\/\/blogdorogeriogomes.com.br\/noticias\/wp-json\/wp\/v2\/media?parent=29098"}],"wp:term":[{"taxonomy":"category","embeddable":true,"href":"https:\/\/blogdorogeriogomes.com.br\/noticias\/wp-json\/wp\/v2\/categories?post=29098"},{"taxonomy":"post_tag","embeddable":true,"href":"https:\/\/blogdorogeriogomes.com.br\/noticias\/wp-json\/wp\/v2\/tags?post=29098"}],"curies":[{"name":"wp","href":"https:\/\/api.w.org\/{rel}","templated":true}]}}