{"id":29101,"date":"2023-04-26T20:14:03","date_gmt":"2023-04-26T20:14:03","guid":{"rendered":"https:\/\/blogdorogeriogomes.com.br\/?p=29101"},"modified":"2023-04-27T12:03:04","modified_gmt":"2023-04-27T12:03:04","slug":"praca-jose-de-alencar-em-fortaleza-vai-ganhar-terminal-aberto-de-onibus","status":"publish","type":"post","link":"https:\/\/blogdorogeriogomes.com.br\/noticias\/2023\/04\/praca-jose-de-alencar-em-fortaleza-vai-ganhar-terminal-aberto-de-onibus\/","title":{"rendered":"Pra\u00e7a Jos\u00e9 de Alencar em Fortaleza vai ganhar terminal aberto de \u00f4nibus"},"content":{"rendered":"\n<p>O prefeito de Fortaleza, Jos\u00e9 Sarto (PDT), assinou, nesta quarta-feira, dia 26 de abril, a ordem de servi\u00e7o para o in\u00edcio das obras de um terminal aberto de \u00f4nibus na Pra\u00e7a Jos\u00e9 de Alencar. O equipamento vai funcionar no terreno onde era localizado o antigo Beco da Poeira. &#8220;Com esse, cumpriremos o compromisso assumido no nosso Plano de Governo de construir quatro terminais na cidade&#8221;, disse o prefeito da Capital.<\/p>\n\n\n\n<p>O novo terminal ir\u00e1 concentrar as linhas de \u00f4nibus em um \u00fanico local, evitando que os passageiros realizem grandes deslocamentos pelas vias, al\u00e9m de suprir a demanda do antigo terminal aberto de \u00f4nibus da Pra\u00e7a da Esta\u00e7\u00e3o.<\/p>\n\n\n\n<p>Historicamente, a pra\u00e7a Jos\u00e9 de Alencar j\u00e1 tinha funcionado como terminal de \u00f4nibus, mas depois as linhas foram desviadas. Agora, Sarto retorna com um espa\u00e7o destinado para o transporte coletivo. A ideia \u00e9 facilitar ainda mais o acesso das pessoas ao Centro de Fortaleza.<\/p>\n\n\n\n<figure class=\"wp-block-image size-large\"><img loading=\"lazy\" decoding=\"async\" width=\"1024\" height=\"705\" src=\"https:\/\/blogdorogeriogomes.com.br\/wp-content\/uploads\/2023\/04\/IMG-20230426-WA0115-1024x705.jpg\" alt=\"\" class=\"wp-image-29102\" srcset=\"https:\/\/blogdorogeriogomes.com.br\/noticias\/wp-content\/uploads\/2023\/04\/IMG-20230426-WA0115-1024x705.jpg 1024w, https:\/\/blogdorogeriogomes.com.br\/noticias\/wp-content\/uploads\/2023\/04\/IMG-20230426-WA0115-300x207.jpg 300w, https:\/\/blogdorogeriogomes.com.br\/noticias\/wp-content\/uploads\/2023\/04\/IMG-20230426-WA0115-768x529.jpg 768w, https:\/\/blogdorogeriogomes.com.br\/noticias\/wp-content\/uploads\/2023\/04\/IMG-20230426-WA0115-800x551.jpg 800w, https:\/\/blogdorogeriogomes.com.br\/noticias\/wp-content\/uploads\/2023\/04\/IMG-20230426-WA0115.jpg 1080w\" sizes=\"auto, (max-width: 1024px) 100vw, 1024px\" \/><\/figure>\n\n\n\n<p><\/p>\n","protected":false},"excerpt":{"rendered":"<p>O prefeito de Fortaleza, Jos\u00e9 Sarto (PDT), assinou, nesta quarta-feira, dia 26 de abril, a ordem de servi\u00e7o para o in\u00edcio das obras de um terminal aberto de \u00f4nibus na Pra\u00e7a Jos\u00e9 de Alencar. O equipamento vai funcionar no terreno onde era localizado o antigo Beco da Poeira. &#8220;Com esse, cumpriremos o compromisso assumido no nosso Plano de Governo de construir quatro terminais na cidade&#8221;, disse o prefeito da Capital. O novo terminal ir\u00e1 concentrar as linhas de \u00f4nibus&hellip;<\/p>\n","protected":false},"author":1,"featured_media":29102,"comment_status":"open","ping_status":"open","sticky":false,"template":"","format":"standard","meta":{"footnotes":""},"categories":[1],"tags":[],"class_list":["post-29101","post","type-post","status-publish","format-standard","has-post-thumbnail","hentry","category-noticias"],"_links":{"self":[{"href":"https:\/\/blogdorogeriogomes.com.br\/noticias\/wp-json\/wp\/v2\/posts\/29101","targetHints":{"allow":["GET"]}}],"collection":[{"href":"https:\/\/blogdorogeriogomes.com.br\/noticias\/wp-json\/wp\/v2\/posts"}],"about":[{"href":"https:\/\/blogdorogeriogomes.com.br\/noticias\/wp-json\/wp\/v2\/types\/post"}],"author":[{"embeddable":true,"href":"https:\/\/blogdorogeriogomes.com.br\/noticias\/wp-json\/wp\/v2\/users\/1"}],"replies":[{"embeddable":true,"href":"https:\/\/blogdorogeriogomes.com.br\/noticias\/wp-json\/wp\/v2\/comments?post=29101"}],"version-history":[{"count":1,"href":"https:\/\/blogdorogeriogomes.com.br\/noticias\/wp-json\/wp\/v2\/posts\/29101\/revisions"}],"predecessor-version":[{"id":29103,"href":"https:\/\/blogdorogeriogomes.com.br\/noticias\/wp-json\/wp\/v2\/posts\/29101\/revisions\/29103"}],"wp:featuredmedia":[{"embeddable":true,"href":"https:\/\/blogdorogeriogomes.com.br\/noticias\/wp-json\/wp\/v2\/media\/29102"}],"wp:attachment":[{"href":"https:\/\/blogdorogeriogomes.com.br\/noticias\/wp-json\/wp\/v2\/media?parent=29101"}],"wp:term":[{"taxonomy":"category","embeddable":true,"href":"https:\/\/blogdorogeriogomes.com.br\/noticias\/wp-json\/wp\/v2\/categories?post=29101"},{"taxonomy":"post_tag","embeddable":true,"href":"https:\/\/blogdorogeriogomes.com.br\/noticias\/wp-json\/wp\/v2\/tags?post=29101"}],"curies":[{"name":"wp","href":"https:\/\/api.w.org\/{rel}","templated":true}]}}