{"id":29104,"date":"2023-04-27T10:02:09","date_gmt":"2023-04-27T10:02:09","guid":{"rendered":"https:\/\/blogdorogeriogomes.com.br\/?p=29104"},"modified":"2023-04-27T12:02:57","modified_gmt":"2023-04-27T12:02:57","slug":"custodio-almeida-e-o-mais-votado-pela-comunidade-universitaria-para-reitor-da-ufc","status":"publish","type":"post","link":"https:\/\/blogdorogeriogomes.com.br\/noticias\/2023\/04\/custodio-almeida-e-o-mais-votado-pela-comunidade-universitaria-para-reitor-da-ufc\/","title":{"rendered":"Cust\u00f3dio Almeida \u00e9 o mais votado pela comunidade universit\u00e1ria para reitor da UFC"},"content":{"rendered":"\n<p>O professor Cust\u00f3dio Almeida foi o candidato mais votado na consulta p\u00fablica para o cargo de reitor da Universidade Federal do Cear\u00e1. A consulta envolveu professores, servidores e estudantes da UFC. A vice \u00e9 Diana Azevedo, atualmente vice-diretora do Centro de Tecnologia (CT). A vota\u00e7\u00e3o aconteceu nesta quarta-feira, dia 26 de abril.<\/p>\n\n\n\n<p>Em segundo lugar, ficou Elizabeth Daher, professora da Faculdade de Medicina, e atual pr\u00f3-reitora de Extens\u00e3o. Elizabeth \u00e9 a candidata apoiada pelo atual reitor, C\u00e2ndido Albuquerque, indicado pelo ex-presidente Jair Bolsonaro. C\u00e2ndido foi o terceiro da lista tr\u00edplice.<\/p>\n\n\n\n<p>Cust\u00f3dio Almeida foi o mais votado na \u00faltima elei\u00e7\u00e3o, mas acabou n\u00e3o sendo escolhido por Jair Bolsonaro. O presidente da Rep\u00fablica tem o poder de determinar a indica\u00e7\u00e3o ao cargo. O presidente Lula dever\u00e1 confirmar o nome para reitor do mais votado pela comunidade universit\u00e1ria. A posse acontece no segundo semestre.<\/p>\n\n\n\n<figure class=\"wp-block-image size-full\"><img loading=\"lazy\" decoding=\"async\" width=\"984\" height=\"752\" src=\"https:\/\/blogdorogeriogomes.com.br\/wp-content\/uploads\/2023\/04\/ufc.jpg\" alt=\"\" class=\"wp-image-29105\" srcset=\"https:\/\/blogdorogeriogomes.com.br\/noticias\/wp-content\/uploads\/2023\/04\/ufc.jpg 984w, https:\/\/blogdorogeriogomes.com.br\/noticias\/wp-content\/uploads\/2023\/04\/ufc-300x229.jpg 300w, https:\/\/blogdorogeriogomes.com.br\/noticias\/wp-content\/uploads\/2023\/04\/ufc-768x587.jpg 768w, https:\/\/blogdorogeriogomes.com.br\/noticias\/wp-content\/uploads\/2023\/04\/ufc-800x611.jpg 800w, https:\/\/blogdorogeriogomes.com.br\/noticias\/wp-content\/uploads\/2023\/04\/ufc-180x138.jpg 180w\" sizes=\"auto, (max-width: 984px) 100vw, 984px\" \/><\/figure>\n","protected":false},"excerpt":{"rendered":"<p>O professor Cust\u00f3dio Almeida foi o candidato mais votado na consulta p\u00fablica para o cargo de reitor da Universidade Federal do Cear\u00e1. A consulta envolveu professores, servidores e estudantes da UFC. A vice \u00e9 Diana Azevedo, atualmente vice-diretora do Centro de Tecnologia (CT). A vota\u00e7\u00e3o aconteceu nesta quarta-feira, dia 26 de abril. Em segundo lugar, ficou Elizabeth Daher, professora da Faculdade de Medicina, e atual pr\u00f3-reitora de Extens\u00e3o. Elizabeth \u00e9 a candidata apoiada pelo atual reitor, C\u00e2ndido Albuquerque, indicado&hellip;<\/p>\n","protected":false},"author":1,"featured_media":29105,"comment_status":"open","ping_status":"open","sticky":false,"template":"","format":"standard","meta":{"footnotes":""},"categories":[1],"tags":[],"class_list":["post-29104","post","type-post","status-publish","format-standard","has-post-thumbnail","hentry","category-noticias"],"_links":{"self":[{"href":"https:\/\/blogdorogeriogomes.com.br\/noticias\/wp-json\/wp\/v2\/posts\/29104","targetHints":{"allow":["GET"]}}],"collection":[{"href":"https:\/\/blogdorogeriogomes.com.br\/noticias\/wp-json\/wp\/v2\/posts"}],"about":[{"href":"https:\/\/blogdorogeriogomes.com.br\/noticias\/wp-json\/wp\/v2\/types\/post"}],"author":[{"embeddable":true,"href":"https:\/\/blogdorogeriogomes.com.br\/noticias\/wp-json\/wp\/v2\/users\/1"}],"replies":[{"embeddable":true,"href":"https:\/\/blogdorogeriogomes.com.br\/noticias\/wp-json\/wp\/v2\/comments?post=29104"}],"version-history":[{"count":1,"href":"https:\/\/blogdorogeriogomes.com.br\/noticias\/wp-json\/wp\/v2\/posts\/29104\/revisions"}],"predecessor-version":[{"id":29106,"href":"https:\/\/blogdorogeriogomes.com.br\/noticias\/wp-json\/wp\/v2\/posts\/29104\/revisions\/29106"}],"wp:featuredmedia":[{"embeddable":true,"href":"https:\/\/blogdorogeriogomes.com.br\/noticias\/wp-json\/wp\/v2\/media\/29105"}],"wp:attachment":[{"href":"https:\/\/blogdorogeriogomes.com.br\/noticias\/wp-json\/wp\/v2\/media?parent=29104"}],"wp:term":[{"taxonomy":"category","embeddable":true,"href":"https:\/\/blogdorogeriogomes.com.br\/noticias\/wp-json\/wp\/v2\/categories?post=29104"},{"taxonomy":"post_tag","embeddable":true,"href":"https:\/\/blogdorogeriogomes.com.br\/noticias\/wp-json\/wp\/v2\/tags?post=29104"}],"curies":[{"name":"wp","href":"https:\/\/api.w.org\/{rel}","templated":true}]}}