{"id":29111,"date":"2023-04-27T15:11:38","date_gmt":"2023-04-27T15:11:38","guid":{"rendered":"https:\/\/blogdorogeriogomes.com.br\/?p=29111"},"modified":"2023-04-28T12:32:18","modified_gmt":"2023-04-28T12:32:18","slug":"ministra-do-esporte-ana-moser-lanca-taca-das-favelas-em-fortaleza-e-projeta-parcerias-com-o-governo-do-ceara","status":"publish","type":"post","link":"https:\/\/blogdorogeriogomes.com.br\/noticias\/2023\/04\/ministra-do-esporte-ana-moser-lanca-taca-das-favelas-em-fortaleza-e-projeta-parcerias-com-o-governo-do-ceara\/","title":{"rendered":"Ministra do Esporte, Ana Moser, lan\u00e7a Ta\u00e7a das Favelas em Fortaleza e projeta parcerias com o Governo do Cear\u00e1"},"content":{"rendered":"\n<p>A ministra do Esporte, Ana Moser, e o governador do Cear\u00e1, Elmano de Freitas, lan\u00e7aram a Ta\u00e7a das Favelas, evento organizado pela Central \u00danica das Favelas, a Cufa, nesta quinta-feira, dia 27 de abril. O evento aconteceu na Areninha do Parque Dom Alo\u00edsio Lorscheider, no bairro Itaperi, em Fortaleza.<\/p>\n\n\n\n<p>A Ta\u00e7a das Favelas Cear\u00e1 ter\u00e1 a participa\u00e7\u00e3o de mais de 600 times de todo o Estado. O torneio de futebol de campo reunir\u00e1 equipes da periferia e promete movimentar areninhas de v\u00e1rios munic\u00edpios. O ex-jogador e capit\u00e3o do tetracampeonato brasileiro na Copa do Mundo de 1994, Dunga, esteve presente ao lan\u00e7amento do evento no bairro Itaperi, em Fortaleza.<\/p>\n\n\n\n<p>O lan\u00e7amento do torneio tamb\u00e9m teve a participa\u00e7\u00e3o do governador Elmano de Freitas; da ministra do Esporte, Ana Moser, e do presidente nacional da CUFA, Preto Zez\u00e9. Elmano ressaltou que a pol\u00edtica para o esporte como agente transformador ser\u00e1 seguida com investimentos para a popula\u00e7\u00e3o mais necessitada.<\/p>\n\n\n\n<p>Com 100 dias do Governo Lula, a ministra do Esporte, Ana Moser, disse que come\u00e7ou a formatar os programas da \u00e1rea em todo o Pa\u00eds. Mas destacou as a\u00e7\u00f5es desenvolvidas no Cear\u00e1 com as areninhas e o Centro de Forma\u00e7\u00e3o Ol\u00edmpica.<\/p>\n\n\n\n<figure class=\"wp-block-image size-large\"><img loading=\"lazy\" decoding=\"async\" width=\"1024\" height=\"768\" src=\"https:\/\/blogdorogeriogomes.com.br\/wp-content\/uploads\/2023\/04\/IMG_20230427_102746289-1024x768.jpg\" alt=\"\" class=\"wp-image-29112\" srcset=\"https:\/\/blogdorogeriogomes.com.br\/noticias\/wp-content\/uploads\/2023\/04\/IMG_20230427_102746289-1024x768.jpg 1024w, https:\/\/blogdorogeriogomes.com.br\/noticias\/wp-content\/uploads\/2023\/04\/IMG_20230427_102746289-300x225.jpg 300w, https:\/\/blogdorogeriogomes.com.br\/noticias\/wp-content\/uploads\/2023\/04\/IMG_20230427_102746289-768x576.jpg 768w, https:\/\/blogdorogeriogomes.com.br\/noticias\/wp-content\/uploads\/2023\/04\/IMG_20230427_102746289-1536x1152.jpg 1536w, https:\/\/blogdorogeriogomes.com.br\/noticias\/wp-content\/uploads\/2023\/04\/IMG_20230427_102746289-2048x1536.jpg 2048w, https:\/\/blogdorogeriogomes.com.br\/noticias\/wp-content\/uploads\/2023\/04\/IMG_20230427_102746289-800x600.jpg 800w, https:\/\/blogdorogeriogomes.com.br\/noticias\/wp-content\/uploads\/2023\/04\/IMG_20230427_102746289-400x300.jpg 400w\" sizes=\"auto, (max-width: 1024px) 100vw, 1024px\" \/><\/figure>\n","protected":false},"excerpt":{"rendered":"<p>A ministra do Esporte, Ana Moser, e o governador do Cear\u00e1, Elmano de Freitas, lan\u00e7aram a Ta\u00e7a das Favelas, evento organizado pela Central \u00danica das Favelas, a Cufa, nesta quinta-feira, dia 27 de abril. O evento aconteceu na Areninha do Parque Dom Alo\u00edsio Lorscheider, no bairro Itaperi, em Fortaleza. A Ta\u00e7a das Favelas Cear\u00e1 ter\u00e1 a participa\u00e7\u00e3o de mais de 600 times de todo o Estado. O torneio de futebol de campo reunir\u00e1 equipes da periferia e promete movimentar&hellip;<\/p>\n","protected":false},"author":1,"featured_media":29112,"comment_status":"open","ping_status":"open","sticky":false,"template":"","format":"standard","meta":{"footnotes":""},"categories":[1],"tags":[],"class_list":["post-29111","post","type-post","status-publish","format-standard","has-post-thumbnail","hentry","category-noticias"],"_links":{"self":[{"href":"https:\/\/blogdorogeriogomes.com.br\/noticias\/wp-json\/wp\/v2\/posts\/29111","targetHints":{"allow":["GET"]}}],"collection":[{"href":"https:\/\/blogdorogeriogomes.com.br\/noticias\/wp-json\/wp\/v2\/posts"}],"about":[{"href":"https:\/\/blogdorogeriogomes.com.br\/noticias\/wp-json\/wp\/v2\/types\/post"}],"author":[{"embeddable":true,"href":"https:\/\/blogdorogeriogomes.com.br\/noticias\/wp-json\/wp\/v2\/users\/1"}],"replies":[{"embeddable":true,"href":"https:\/\/blogdorogeriogomes.com.br\/noticias\/wp-json\/wp\/v2\/comments?post=29111"}],"version-history":[{"count":1,"href":"https:\/\/blogdorogeriogomes.com.br\/noticias\/wp-json\/wp\/v2\/posts\/29111\/revisions"}],"predecessor-version":[{"id":29113,"href":"https:\/\/blogdorogeriogomes.com.br\/noticias\/wp-json\/wp\/v2\/posts\/29111\/revisions\/29113"}],"wp:featuredmedia":[{"embeddable":true,"href":"https:\/\/blogdorogeriogomes.com.br\/noticias\/wp-json\/wp\/v2\/media\/29112"}],"wp:attachment":[{"href":"https:\/\/blogdorogeriogomes.com.br\/noticias\/wp-json\/wp\/v2\/media?parent=29111"}],"wp:term":[{"taxonomy":"category","embeddable":true,"href":"https:\/\/blogdorogeriogomes.com.br\/noticias\/wp-json\/wp\/v2\/categories?post=29111"},{"taxonomy":"post_tag","embeddable":true,"href":"https:\/\/blogdorogeriogomes.com.br\/noticias\/wp-json\/wp\/v2\/tags?post=29111"}],"curies":[{"name":"wp","href":"https:\/\/api.w.org\/{rel}","templated":true}]}}