{"id":29114,"date":"2023-04-28T00:50:57","date_gmt":"2023-04-28T00:50:57","guid":{"rendered":"https:\/\/blogdorogeriogomes.com.br\/?p=29114"},"modified":"2023-04-28T12:32:55","modified_gmt":"2023-04-28T12:32:55","slug":"lula-tem-agenda-prevista-para-vir-ao-ceara-na-primeira-quinzena-de-maio","status":"publish","type":"post","link":"https:\/\/blogdorogeriogomes.com.br\/noticias\/2023\/04\/lula-tem-agenda-prevista-para-vir-ao-ceara-na-primeira-quinzena-de-maio\/","title":{"rendered":"Lula tem agenda prevista para vir ao Cear\u00e1 na primeira quinzena de maio"},"content":{"rendered":"\n<p>De volta ao Brasil ap\u00f3s visitas a Portugal e Espanha, o presidente Lula (PT) tem na agenda uma viagem prevista ao Cear\u00e1 na primeira quinzena de maio. Ser\u00e1 a primeira vez que o petista vir\u00e1 ao estado ap\u00f3s ter tomado posse como presidente da Rep\u00fablica. A \u00faltima vez que Lula veio ao Cear\u00e1 foi na campanha eleitoral do governador Elmano de Freitas e do senador Camilo Santana.<\/p>\n\n\n\n<p>A agenda de Lula no Estado n\u00e3o foi definida, mas segundo o l\u00edder da bancada cearense em Bras\u00edlia, deputado federal Eduardo Bismarck (PDT), h\u00e1 possibilidade de que Lula d\u00ea uma esticada \u00e0 Regi\u00e3o do Cariri, com passagem no munic\u00edpio do Crato.<\/p>\n\n\n\n<figure class=\"wp-block-image size-full\"><img loading=\"lazy\" decoding=\"async\" width=\"1024\" height=\"640\" src=\"https:\/\/blogdorogeriogomes.com.br\/wp-content\/uploads\/2023\/04\/IMG-20230427-WA0154.jpg\" alt=\"\" class=\"wp-image-29115\" srcset=\"https:\/\/blogdorogeriogomes.com.br\/noticias\/wp-content\/uploads\/2023\/04\/IMG-20230427-WA0154.jpg 1024w, https:\/\/blogdorogeriogomes.com.br\/noticias\/wp-content\/uploads\/2023\/04\/IMG-20230427-WA0154-300x188.jpg 300w, https:\/\/blogdorogeriogomes.com.br\/noticias\/wp-content\/uploads\/2023\/04\/IMG-20230427-WA0154-768x480.jpg 768w, https:\/\/blogdorogeriogomes.com.br\/noticias\/wp-content\/uploads\/2023\/04\/IMG-20230427-WA0154-800x500.jpg 800w\" sizes=\"auto, (max-width: 1024px) 100vw, 1024px\" \/><\/figure>\n","protected":false},"excerpt":{"rendered":"<p>De volta ao Brasil ap\u00f3s visitas a Portugal e Espanha, o presidente Lula (PT) tem na agenda uma viagem prevista ao Cear\u00e1 na primeira quinzena de maio. Ser\u00e1 a primeira vez que o petista vir\u00e1 ao estado ap\u00f3s ter tomado posse como presidente da Rep\u00fablica. A \u00faltima vez que Lula veio ao Cear\u00e1 foi na campanha eleitoral do governador Elmano de Freitas e do senador Camilo Santana. A agenda de Lula no Estado n\u00e3o foi definida, mas segundo o&hellip;<\/p>\n","protected":false},"author":1,"featured_media":29115,"comment_status":"open","ping_status":"open","sticky":false,"template":"","format":"standard","meta":{"footnotes":""},"categories":[1],"tags":[],"class_list":["post-29114","post","type-post","status-publish","format-standard","has-post-thumbnail","hentry","category-noticias"],"_links":{"self":[{"href":"https:\/\/blogdorogeriogomes.com.br\/noticias\/wp-json\/wp\/v2\/posts\/29114","targetHints":{"allow":["GET"]}}],"collection":[{"href":"https:\/\/blogdorogeriogomes.com.br\/noticias\/wp-json\/wp\/v2\/posts"}],"about":[{"href":"https:\/\/blogdorogeriogomes.com.br\/noticias\/wp-json\/wp\/v2\/types\/post"}],"author":[{"embeddable":true,"href":"https:\/\/blogdorogeriogomes.com.br\/noticias\/wp-json\/wp\/v2\/users\/1"}],"replies":[{"embeddable":true,"href":"https:\/\/blogdorogeriogomes.com.br\/noticias\/wp-json\/wp\/v2\/comments?post=29114"}],"version-history":[{"count":1,"href":"https:\/\/blogdorogeriogomes.com.br\/noticias\/wp-json\/wp\/v2\/posts\/29114\/revisions"}],"predecessor-version":[{"id":29116,"href":"https:\/\/blogdorogeriogomes.com.br\/noticias\/wp-json\/wp\/v2\/posts\/29114\/revisions\/29116"}],"wp:featuredmedia":[{"embeddable":true,"href":"https:\/\/blogdorogeriogomes.com.br\/noticias\/wp-json\/wp\/v2\/media\/29115"}],"wp:attachment":[{"href":"https:\/\/blogdorogeriogomes.com.br\/noticias\/wp-json\/wp\/v2\/media?parent=29114"}],"wp:term":[{"taxonomy":"category","embeddable":true,"href":"https:\/\/blogdorogeriogomes.com.br\/noticias\/wp-json\/wp\/v2\/categories?post=29114"},{"taxonomy":"post_tag","embeddable":true,"href":"https:\/\/blogdorogeriogomes.com.br\/noticias\/wp-json\/wp\/v2\/tags?post=29114"}],"curies":[{"name":"wp","href":"https:\/\/api.w.org\/{rel}","templated":true}]}}