{"id":29117,"date":"2023-04-28T09:00:20","date_gmt":"2023-04-28T09:00:20","guid":{"rendered":"https:\/\/blogdorogeriogomes.com.br\/?p=29117"},"modified":"2023-04-28T12:31:08","modified_gmt":"2023-04-28T12:31:08","slug":"ministerio-publico-pede-a-suspensao-da-cobranca-da-taxa-de-lixo-em-fortaleza","status":"publish","type":"post","link":"https:\/\/blogdorogeriogomes.com.br\/noticias\/2023\/04\/ministerio-publico-pede-a-suspensao-da-cobranca-da-taxa-de-lixo-em-fortaleza\/","title":{"rendered":"Minist\u00e9rio P\u00fablico pede a suspens\u00e3o da cobran\u00e7a da taxa de lixo em Fortaleza"},"content":{"rendered":"\n<p>Aprovada em 20 de dezembro de 2022 pela C\u00e2mara Municipal, o Minist\u00e9rio P\u00fablico do Cear\u00e1 (MPCE) entrou na Justi\u00e7a para pedir a suspens\u00e3o imediata da taxa de lixo em Fortaleza. O procurador-geral de Justi\u00e7a, Manuel Pinheiro, protocolou nesta sexta-feira, dia 27 de abril, uma a\u00e7\u00e3o que busca declarar como inconstitucional o teor da lei que instituiu a taxa de lixo na capital cearense.<\/p>\n\n\n\n<p>A tentativa de barrar a cobran\u00e7a da taxa de lixo em Fortaleza partiu de um grupo de vereadores da C\u00e2mara Municipal de Fortaleza. A Justi\u00e7a ainda vai analisar se aceita ou n\u00e3o o pedido do Minist\u00e9rio P\u00fablico.<\/p>\n\n\n\n<p>A prefeitura da Capital diz que n\u00e3o foi notificada e esclarece que a taxa de manejo dos res\u00edduos s\u00f3lidos est\u00e1 prevista no Marco Legal do Saneamento B\u00e1sico. A Prefeitura de Fortaleza ressalta ainda que 70% da popula\u00e7\u00e3o est\u00e1 isenta. Os contribuintes que n\u00e3o pagar\u00e3o a taxa j\u00e1 est\u00e3o recebendo um comunicado em sua resid\u00eancia indicando a Isen\u00e7\u00e3o.<\/p>\n\n\n\n<figure class=\"wp-block-image size-full\"><img loading=\"lazy\" decoding=\"async\" width=\"678\" height=\"452\" src=\"https:\/\/blogdorogeriogomes.com.br\/wp-content\/uploads\/2023\/04\/images-8.jpeg\" alt=\"\" class=\"wp-image-29118\" srcset=\"https:\/\/blogdorogeriogomes.com.br\/noticias\/wp-content\/uploads\/2023\/04\/images-8.jpeg 678w, https:\/\/blogdorogeriogomes.com.br\/noticias\/wp-content\/uploads\/2023\/04\/images-8-300x200.jpeg 300w\" sizes=\"auto, (max-width: 678px) 100vw, 678px\" \/><\/figure>\n\n\n\n<p><\/p>\n","protected":false},"excerpt":{"rendered":"<p>Aprovada em 20 de dezembro de 2022 pela C\u00e2mara Municipal, o Minist\u00e9rio P\u00fablico do Cear\u00e1 (MPCE) entrou na Justi\u00e7a para pedir a suspens\u00e3o imediata da taxa de lixo em Fortaleza. O procurador-geral de Justi\u00e7a, Manuel Pinheiro, protocolou nesta sexta-feira, dia 27 de abril, uma a\u00e7\u00e3o que busca declarar como inconstitucional o teor da lei que instituiu a taxa de lixo na capital cearense. A tentativa de barrar a cobran\u00e7a da taxa de lixo em Fortaleza partiu de um grupo&hellip;<\/p>\n","protected":false},"author":1,"featured_media":29118,"comment_status":"open","ping_status":"open","sticky":false,"template":"","format":"standard","meta":{"footnotes":""},"categories":[1],"tags":[],"class_list":["post-29117","post","type-post","status-publish","format-standard","has-post-thumbnail","hentry","category-noticias"],"_links":{"self":[{"href":"https:\/\/blogdorogeriogomes.com.br\/noticias\/wp-json\/wp\/v2\/posts\/29117","targetHints":{"allow":["GET"]}}],"collection":[{"href":"https:\/\/blogdorogeriogomes.com.br\/noticias\/wp-json\/wp\/v2\/posts"}],"about":[{"href":"https:\/\/blogdorogeriogomes.com.br\/noticias\/wp-json\/wp\/v2\/types\/post"}],"author":[{"embeddable":true,"href":"https:\/\/blogdorogeriogomes.com.br\/noticias\/wp-json\/wp\/v2\/users\/1"}],"replies":[{"embeddable":true,"href":"https:\/\/blogdorogeriogomes.com.br\/noticias\/wp-json\/wp\/v2\/comments?post=29117"}],"version-history":[{"count":1,"href":"https:\/\/blogdorogeriogomes.com.br\/noticias\/wp-json\/wp\/v2\/posts\/29117\/revisions"}],"predecessor-version":[{"id":29119,"href":"https:\/\/blogdorogeriogomes.com.br\/noticias\/wp-json\/wp\/v2\/posts\/29117\/revisions\/29119"}],"wp:featuredmedia":[{"embeddable":true,"href":"https:\/\/blogdorogeriogomes.com.br\/noticias\/wp-json\/wp\/v2\/media\/29118"}],"wp:attachment":[{"href":"https:\/\/blogdorogeriogomes.com.br\/noticias\/wp-json\/wp\/v2\/media?parent=29117"}],"wp:term":[{"taxonomy":"category","embeddable":true,"href":"https:\/\/blogdorogeriogomes.com.br\/noticias\/wp-json\/wp\/v2\/categories?post=29117"},{"taxonomy":"post_tag","embeddable":true,"href":"https:\/\/blogdorogeriogomes.com.br\/noticias\/wp-json\/wp\/v2\/tags?post=29117"}],"curies":[{"name":"wp","href":"https:\/\/api.w.org\/{rel}","templated":true}]}}