{"id":29120,"date":"2023-04-28T09:19:16","date_gmt":"2023-04-28T09:19:16","guid":{"rendered":"https:\/\/blogdorogeriogomes.com.br\/?p=29120"},"modified":"2023-04-28T12:32:50","modified_gmt":"2023-04-28T12:32:50","slug":"fortal-2023-apresenta-novas-atracoes-e-blocos-independentes-no-mes-de-julho","status":"publish","type":"post","link":"https:\/\/blogdorogeriogomes.com.br\/noticias\/2023\/04\/fortal-2023-apresenta-novas-atracoes-e-blocos-independentes-no-mes-de-julho\/","title":{"rendered":"Fortal 2023 apresenta novas atra\u00e7\u00f5es e blocos independentes no m\u00eas de julho"},"content":{"rendered":"\n<p>A programa\u00e7\u00e3o do Fortal 2023 foi divulgada, nesta quinta-feira, dia 27 de julho, e traz nomes tradicionais da folia como Ivete Sangalo, Claudia Leitte e Bell Marques, al\u00e9m de destaques recentes da m\u00fasica como Pedro Sampaio e Ludmilla. Neste ano, o festival comemora 30 anos na programa\u00e7\u00e3o cultural de&nbsp;Fortaleza entre 20 e 23 de julho.<\/p>\n\n\n\n<p>A Cidade Fortal estar\u00e1 dividida em Corredor da Folia, Camarote Mucuripe e Palco Arena. Entre as atra\u00e7\u00f5es deste ano no corredor da folia est\u00e3o Bell Marques, Claudia Leitte, Durval Lelys e Ivete Sangalo, que se juntar\u00e3o a grandes novidades deste ano, como o Fervo da Lud, comandado por Ludmilla. Tamb\u00e9m haver\u00e1 trios independentes com artistas que fizeram a festa do Fortal nos seus primeiros anos, como Luiz Caldas (20\/7), Cheiro de Amor (21\/7) e Ricardo Chaves (22\/7).<\/p>\n\n\n\n<figure class=\"wp-block-image size-full\"><img loading=\"lazy\" decoding=\"async\" width=\"984\" height=\"554\" src=\"https:\/\/blogdorogeriogomes.com.br\/wp-content\/uploads\/2023\/04\/983b7ee6-db40-4427-b0b7-e45bb0391822.jpg\" alt=\"\" class=\"wp-image-29121\" srcset=\"https:\/\/blogdorogeriogomes.com.br\/noticias\/wp-content\/uploads\/2023\/04\/983b7ee6-db40-4427-b0b7-e45bb0391822.jpg 984w, https:\/\/blogdorogeriogomes.com.br\/noticias\/wp-content\/uploads\/2023\/04\/983b7ee6-db40-4427-b0b7-e45bb0391822-300x169.jpg 300w, https:\/\/blogdorogeriogomes.com.br\/noticias\/wp-content\/uploads\/2023\/04\/983b7ee6-db40-4427-b0b7-e45bb0391822-768x432.jpg 768w, https:\/\/blogdorogeriogomes.com.br\/noticias\/wp-content\/uploads\/2023\/04\/983b7ee6-db40-4427-b0b7-e45bb0391822-800x450.jpg 800w\" sizes=\"auto, (max-width: 984px) 100vw, 984px\" \/><\/figure>\n\n\n\n<p><\/p>\n\n\n\n<p> <\/p>\n","protected":false},"excerpt":{"rendered":"<p>A programa\u00e7\u00e3o do Fortal 2023 foi divulgada, nesta quinta-feira, dia 27 de julho, e traz nomes tradicionais da folia como Ivete Sangalo, Claudia Leitte e Bell Marques, al\u00e9m de destaques recentes da m\u00fasica como Pedro Sampaio e Ludmilla. Neste ano, o festival comemora 30 anos na programa\u00e7\u00e3o cultural de&nbsp;Fortaleza entre 20 e 23 de julho. A Cidade Fortal estar\u00e1 dividida em Corredor da Folia, Camarote Mucuripe e Palco Arena. Entre as atra\u00e7\u00f5es deste ano no corredor da folia est\u00e3o&hellip;<\/p>\n","protected":false},"author":1,"featured_media":29121,"comment_status":"open","ping_status":"open","sticky":false,"template":"","format":"standard","meta":{"footnotes":""},"categories":[1],"tags":[],"class_list":["post-29120","post","type-post","status-publish","format-standard","has-post-thumbnail","hentry","category-noticias"],"_links":{"self":[{"href":"https:\/\/blogdorogeriogomes.com.br\/noticias\/wp-json\/wp\/v2\/posts\/29120","targetHints":{"allow":["GET"]}}],"collection":[{"href":"https:\/\/blogdorogeriogomes.com.br\/noticias\/wp-json\/wp\/v2\/posts"}],"about":[{"href":"https:\/\/blogdorogeriogomes.com.br\/noticias\/wp-json\/wp\/v2\/types\/post"}],"author":[{"embeddable":true,"href":"https:\/\/blogdorogeriogomes.com.br\/noticias\/wp-json\/wp\/v2\/users\/1"}],"replies":[{"embeddable":true,"href":"https:\/\/blogdorogeriogomes.com.br\/noticias\/wp-json\/wp\/v2\/comments?post=29120"}],"version-history":[{"count":2,"href":"https:\/\/blogdorogeriogomes.com.br\/noticias\/wp-json\/wp\/v2\/posts\/29120\/revisions"}],"predecessor-version":[{"id":29123,"href":"https:\/\/blogdorogeriogomes.com.br\/noticias\/wp-json\/wp\/v2\/posts\/29120\/revisions\/29123"}],"wp:featuredmedia":[{"embeddable":true,"href":"https:\/\/blogdorogeriogomes.com.br\/noticias\/wp-json\/wp\/v2\/media\/29121"}],"wp:attachment":[{"href":"https:\/\/blogdorogeriogomes.com.br\/noticias\/wp-json\/wp\/v2\/media?parent=29120"}],"wp:term":[{"taxonomy":"category","embeddable":true,"href":"https:\/\/blogdorogeriogomes.com.br\/noticias\/wp-json\/wp\/v2\/categories?post=29120"},{"taxonomy":"post_tag","embeddable":true,"href":"https:\/\/blogdorogeriogomes.com.br\/noticias\/wp-json\/wp\/v2\/tags?post=29120"}],"curies":[{"name":"wp","href":"https:\/\/api.w.org\/{rel}","templated":true}]}}