{"id":29124,"date":"2023-04-28T19:01:28","date_gmt":"2023-04-28T19:01:28","guid":{"rendered":"https:\/\/blogdorogeriogomes.com.br\/?p=29124"},"modified":"2023-05-02T09:11:04","modified_gmt":"2023-05-02T09:11:04","slug":"cdl-discute-acoes-para-o-centro-de-fortaleza-com-sebrae-e-secretaria-de-financas-do-municipio","status":"publish","type":"post","link":"https:\/\/blogdorogeriogomes.com.br\/noticias\/2023\/04\/cdl-discute-acoes-para-o-centro-de-fortaleza-com-sebrae-e-secretaria-de-financas-do-municipio\/","title":{"rendered":"CDL discute a\u00e7\u00f5es para o Centro de Fortaleza com Sebrae e Secretaria de Finan\u00e7as do Munic\u00edpio"},"content":{"rendered":"\n<p>A Secretaria de Finan\u00e7as de Fortaleza e o Sebrae se reuniram nesta sexta-feira , dia 28 de abril, na CDL para discutir ferramentas de melhoria para o centro comercial da Capital.<\/p>\n\n\n\n<p>Participaram do caf\u00e9 da manh\u00e3 a secret\u00e1ria de Finan\u00e7as de Fortaleza, Fl\u00e1via Roberta Teixeira, e o analista t\u00e9cnico do Sebrae, S\u00edlvio Moreira. Em pauta, a busca do fortalecimento do com\u00e9rcio no Centro da Capital.<\/p>\n\n\n\n<p>Para o Sebrae, \u00e9 importante investir em capacita\u00e7\u00e3o de pessoal e tamb\u00e9m de novos empreendedores para atuar na regi\u00e3o central de Fortaleza.<br>O movimento no Centro de Fortaleza hoje \u00e9 de cerca de 190 mil pessoas por dia. \u00c9 o bairro da cidade que gera mais arrecada\u00e7\u00e3o \u00e0 Secretaria de Finan\u00e7as do Munic\u00edpio atrav\u00e9s do ISS, o imposto sobre servi\u00e7os.<\/p>\n\n\n\n<p>A secret\u00e1ria de Finan\u00e7as de Fortaleza, Fl\u00e1via Roberta Teixeira, enfatiza que a Prefeitura j\u00e1 disp\u00f5e de uma s\u00e9rie de benef\u00edcios fiscais para quem deseja investir no Centro da Capital.<\/p>\n\n\n\n<figure class=\"wp-block-image size-full\"><img loading=\"lazy\" decoding=\"async\" width=\"678\" height=\"452\" src=\"https:\/\/blogdorogeriogomes.com.br\/wp-content\/uploads\/2023\/04\/images-9.jpeg\" alt=\"\" class=\"wp-image-29126\" srcset=\"https:\/\/blogdorogeriogomes.com.br\/noticias\/wp-content\/uploads\/2023\/04\/images-9.jpeg 678w, https:\/\/blogdorogeriogomes.com.br\/noticias\/wp-content\/uploads\/2023\/04\/images-9-300x200.jpeg 300w\" sizes=\"auto, (max-width: 678px) 100vw, 678px\" \/><\/figure>\n\n\n\n<p><\/p>\n","protected":false},"excerpt":{"rendered":"<p>A Secretaria de Finan\u00e7as de Fortaleza e o Sebrae se reuniram nesta sexta-feira , dia 28 de abril, na CDL para discutir ferramentas de melhoria para o centro comercial da Capital. Participaram do caf\u00e9 da manh\u00e3 a secret\u00e1ria de Finan\u00e7as de Fortaleza, Fl\u00e1via Roberta Teixeira, e o analista t\u00e9cnico do Sebrae, S\u00edlvio Moreira. Em pauta, a busca do fortalecimento do com\u00e9rcio no Centro da Capital. Para o Sebrae, \u00e9 importante investir em capacita\u00e7\u00e3o de pessoal e tamb\u00e9m de novos&hellip;<\/p>\n","protected":false},"author":1,"featured_media":29126,"comment_status":"open","ping_status":"open","sticky":false,"template":"","format":"standard","meta":{"footnotes":""},"categories":[1],"tags":[],"class_list":["post-29124","post","type-post","status-publish","format-standard","has-post-thumbnail","hentry","category-noticias"],"_links":{"self":[{"href":"https:\/\/blogdorogeriogomes.com.br\/noticias\/wp-json\/wp\/v2\/posts\/29124","targetHints":{"allow":["GET"]}}],"collection":[{"href":"https:\/\/blogdorogeriogomes.com.br\/noticias\/wp-json\/wp\/v2\/posts"}],"about":[{"href":"https:\/\/blogdorogeriogomes.com.br\/noticias\/wp-json\/wp\/v2\/types\/post"}],"author":[{"embeddable":true,"href":"https:\/\/blogdorogeriogomes.com.br\/noticias\/wp-json\/wp\/v2\/users\/1"}],"replies":[{"embeddable":true,"href":"https:\/\/blogdorogeriogomes.com.br\/noticias\/wp-json\/wp\/v2\/comments?post=29124"}],"version-history":[{"count":1,"href":"https:\/\/blogdorogeriogomes.com.br\/noticias\/wp-json\/wp\/v2\/posts\/29124\/revisions"}],"predecessor-version":[{"id":29127,"href":"https:\/\/blogdorogeriogomes.com.br\/noticias\/wp-json\/wp\/v2\/posts\/29124\/revisions\/29127"}],"wp:featuredmedia":[{"embeddable":true,"href":"https:\/\/blogdorogeriogomes.com.br\/noticias\/wp-json\/wp\/v2\/media\/29126"}],"wp:attachment":[{"href":"https:\/\/blogdorogeriogomes.com.br\/noticias\/wp-json\/wp\/v2\/media?parent=29124"}],"wp:term":[{"taxonomy":"category","embeddable":true,"href":"https:\/\/blogdorogeriogomes.com.br\/noticias\/wp-json\/wp\/v2\/categories?post=29124"},{"taxonomy":"post_tag","embeddable":true,"href":"https:\/\/blogdorogeriogomes.com.br\/noticias\/wp-json\/wp\/v2\/tags?post=29124"}],"curies":[{"name":"wp","href":"https:\/\/api.w.org\/{rel}","templated":true}]}}