{"id":29128,"date":"2023-04-29T10:11:34","date_gmt":"2023-04-29T10:11:34","guid":{"rendered":"https:\/\/blogdorogeriogomes.com.br\/?p=29128"},"modified":"2023-05-02T09:10:29","modified_gmt":"2023-05-02T09:10:29","slug":"duas-brs-que-cortam-o-ceara-terao-bloqueios-parciais-no-feriado-para-servicos-de-manutencao","status":"publish","type":"post","link":"https:\/\/blogdorogeriogomes.com.br\/noticias\/2023\/04\/duas-brs-que-cortam-o-ceara-terao-bloqueios-parciais-no-feriado-para-servicos-de-manutencao\/","title":{"rendered":"Duas BRs que cortam o Cear\u00e1 ter\u00e3o bloqueios parciais no feriado para servi\u00e7os de manuten\u00e7\u00e3o"},"content":{"rendered":"\n<p>O Cear\u00e1 ter\u00e1 bloqueios parciais em algumas rodovias federais no feriad\u00e3o do Dia do Trabalho, entre esta sexta-feira, dia 28 de abril, e segunda-feira, dia 1\u00ba de maio, segundo o Departamento Nacional de Infraestrutura de Transportes (DNIT).<\/p>\n\n\n\n<p>A maioria dos bloqueios acontece nas rodovias BR-116 e BR-222. Os bloqueios s\u00e3o para a recupera\u00e7\u00e3o das vias como servi\u00e7os de drenagem, recupera\u00e7\u00e3o da capa asf\u00e1ltica, limpeza, dentre outros.<\/p>\n\n\n\n<p>Os motoristas que v\u00e3o pegar as duas rodovias federais devem ficar atentos, principalmente, nas travessias urbanas dos munic\u00edpios de Itapaj\u00e9, Irau\u00e7uba, Forquilha e Sobral.<\/p>\n\n\n\n<figure class=\"wp-block-image size-full\"><img loading=\"lazy\" decoding=\"async\" width=\"984\" height=\"554\" src=\"https:\/\/blogdorogeriogomes.com.br\/wp-content\/uploads\/2023\/04\/interdicao-da-prf-na-br-116.jpeg\" alt=\"\" class=\"wp-image-29129\" srcset=\"https:\/\/blogdorogeriogomes.com.br\/noticias\/wp-content\/uploads\/2023\/04\/interdicao-da-prf-na-br-116.jpeg 984w, https:\/\/blogdorogeriogomes.com.br\/noticias\/wp-content\/uploads\/2023\/04\/interdicao-da-prf-na-br-116-300x169.jpeg 300w, https:\/\/blogdorogeriogomes.com.br\/noticias\/wp-content\/uploads\/2023\/04\/interdicao-da-prf-na-br-116-768x432.jpeg 768w, https:\/\/blogdorogeriogomes.com.br\/noticias\/wp-content\/uploads\/2023\/04\/interdicao-da-prf-na-br-116-800x450.jpeg 800w\" sizes=\"auto, (max-width: 984px) 100vw, 984px\" \/><\/figure>\n","protected":false},"excerpt":{"rendered":"<p>O Cear\u00e1 ter\u00e1 bloqueios parciais em algumas rodovias federais no feriad\u00e3o do Dia do Trabalho, entre esta sexta-feira, dia 28 de abril, e segunda-feira, dia 1\u00ba de maio, segundo o Departamento Nacional de Infraestrutura de Transportes (DNIT). A maioria dos bloqueios acontece nas rodovias BR-116 e BR-222. Os bloqueios s\u00e3o para a recupera\u00e7\u00e3o das vias como servi\u00e7os de drenagem, recupera\u00e7\u00e3o da capa asf\u00e1ltica, limpeza, dentre outros. Os motoristas que v\u00e3o pegar as duas rodovias federais devem ficar atentos, principalmente,&hellip;<\/p>\n","protected":false},"author":1,"featured_media":29129,"comment_status":"open","ping_status":"open","sticky":false,"template":"","format":"standard","meta":{"footnotes":""},"categories":[1],"tags":[],"class_list":["post-29128","post","type-post","status-publish","format-standard","has-post-thumbnail","hentry","category-noticias"],"_links":{"self":[{"href":"https:\/\/blogdorogeriogomes.com.br\/noticias\/wp-json\/wp\/v2\/posts\/29128","targetHints":{"allow":["GET"]}}],"collection":[{"href":"https:\/\/blogdorogeriogomes.com.br\/noticias\/wp-json\/wp\/v2\/posts"}],"about":[{"href":"https:\/\/blogdorogeriogomes.com.br\/noticias\/wp-json\/wp\/v2\/types\/post"}],"author":[{"embeddable":true,"href":"https:\/\/blogdorogeriogomes.com.br\/noticias\/wp-json\/wp\/v2\/users\/1"}],"replies":[{"embeddable":true,"href":"https:\/\/blogdorogeriogomes.com.br\/noticias\/wp-json\/wp\/v2\/comments?post=29128"}],"version-history":[{"count":1,"href":"https:\/\/blogdorogeriogomes.com.br\/noticias\/wp-json\/wp\/v2\/posts\/29128\/revisions"}],"predecessor-version":[{"id":29130,"href":"https:\/\/blogdorogeriogomes.com.br\/noticias\/wp-json\/wp\/v2\/posts\/29128\/revisions\/29130"}],"wp:featuredmedia":[{"embeddable":true,"href":"https:\/\/blogdorogeriogomes.com.br\/noticias\/wp-json\/wp\/v2\/media\/29129"}],"wp:attachment":[{"href":"https:\/\/blogdorogeriogomes.com.br\/noticias\/wp-json\/wp\/v2\/media?parent=29128"}],"wp:term":[{"taxonomy":"category","embeddable":true,"href":"https:\/\/blogdorogeriogomes.com.br\/noticias\/wp-json\/wp\/v2\/categories?post=29128"},{"taxonomy":"post_tag","embeddable":true,"href":"https:\/\/blogdorogeriogomes.com.br\/noticias\/wp-json\/wp\/v2\/tags?post=29128"}],"curies":[{"name":"wp","href":"https:\/\/api.w.org\/{rel}","templated":true}]}}