{"id":29131,"date":"2023-04-29T10:55:23","date_gmt":"2023-04-29T10:55:23","guid":{"rendered":"https:\/\/blogdorogeriogomes.com.br\/?p=29131"},"modified":"2023-05-02T09:10:18","modified_gmt":"2023-05-02T09:10:18","slug":"justica-rejeita-pedido-de-suspensao-na-cobranca-da-taxa-de-lixo-feito-pela-fecomercio-outras-duas-acoes-tramitam-na-justica-estadual-e-stf","status":"publish","type":"post","link":"https:\/\/blogdorogeriogomes.com.br\/noticias\/2023\/04\/justica-rejeita-pedido-de-suspensao-na-cobranca-da-taxa-de-lixo-feito-pela-fecomercio-outras-duas-acoes-tramitam-na-justica-estadual-e-stf\/","title":{"rendered":"Justi\u00e7a rejeita pedido de suspens\u00e3o na cobran\u00e7a da taxa de lixo feito pela Fecom\u00e9rcio. Outras duas a\u00e7\u00f5es tramitam na Justi\u00e7a Estadual e STF"},"content":{"rendered":"\n<p>A 10\u00aa Vara da Fazenda P\u00fablica da Comarca de Fortaleza negou o pedido de liminar para suspender a cobran\u00e7a da taxa do lixo apresentado pela Federa\u00e7\u00e3o do Com\u00e9rcio do Estado do Cear\u00e1 (Fecom\u00e9rcio). No entanto, h\u00e1 mais duas a\u00e7\u00f5es tramitando que pedem a suspens\u00e3o imediata da cobran\u00e7a do imposto. Uma movida pelo Minist\u00e9rio P\u00fablico na Justi\u00e7a Estadual e outra do Partido Novo no Supremo Tribunal Federal (STF).<\/p>\n\n\n\n<p>A secret\u00e1ria de Finan\u00e7as de Fortaleza, Fl\u00e1via Roberta Teixeira, declarou que caso a Justi\u00e7a decida favor\u00e1vel \u00e0 suspens\u00e3o da taxa, o dinheiro ser\u00e1 devolvido ao contribuinte com juros e corre\u00e7\u00e3o. No entanto, vale lembrar a Prefeitura j\u00e1 distribuiu os boletos para pagamento. Nesta sexta-feira, dia 28 de abril, foi encerrado o prazo para pagamento da primeira parcela ou do pagamento \u00fanico, com desconto, da taxa do lixo na Capital. <br><\/p>\n\n\n\n<figure class=\"wp-block-image size-full\"><img loading=\"lazy\" decoding=\"async\" width=\"681\" height=\"450\" src=\"https:\/\/blogdorogeriogomes.com.br\/wp-content\/uploads\/2023\/04\/images-10.jpeg\" alt=\"\" class=\"wp-image-29132\" srcset=\"https:\/\/blogdorogeriogomes.com.br\/noticias\/wp-content\/uploads\/2023\/04\/images-10.jpeg 681w, https:\/\/blogdorogeriogomes.com.br\/noticias\/wp-content\/uploads\/2023\/04\/images-10-300x198.jpeg 300w\" sizes=\"auto, (max-width: 681px) 100vw, 681px\" \/><\/figure>\n","protected":false},"excerpt":{"rendered":"<p>A 10\u00aa Vara da Fazenda P\u00fablica da Comarca de Fortaleza negou o pedido de liminar para suspender a cobran\u00e7a da taxa do lixo apresentado pela Federa\u00e7\u00e3o do Com\u00e9rcio do Estado do Cear\u00e1 (Fecom\u00e9rcio). No entanto, h\u00e1 mais duas a\u00e7\u00f5es tramitando que pedem a suspens\u00e3o imediata da cobran\u00e7a do imposto. Uma movida pelo Minist\u00e9rio P\u00fablico na Justi\u00e7a Estadual e outra do Partido Novo no Supremo Tribunal Federal (STF). A secret\u00e1ria de Finan\u00e7as de Fortaleza, Fl\u00e1via Roberta Teixeira, declarou que caso&hellip;<\/p>\n","protected":false},"author":1,"featured_media":29132,"comment_status":"open","ping_status":"open","sticky":false,"template":"","format":"standard","meta":{"footnotes":""},"categories":[1],"tags":[],"class_list":["post-29131","post","type-post","status-publish","format-standard","has-post-thumbnail","hentry","category-noticias"],"_links":{"self":[{"href":"https:\/\/blogdorogeriogomes.com.br\/noticias\/wp-json\/wp\/v2\/posts\/29131","targetHints":{"allow":["GET"]}}],"collection":[{"href":"https:\/\/blogdorogeriogomes.com.br\/noticias\/wp-json\/wp\/v2\/posts"}],"about":[{"href":"https:\/\/blogdorogeriogomes.com.br\/noticias\/wp-json\/wp\/v2\/types\/post"}],"author":[{"embeddable":true,"href":"https:\/\/blogdorogeriogomes.com.br\/noticias\/wp-json\/wp\/v2\/users\/1"}],"replies":[{"embeddable":true,"href":"https:\/\/blogdorogeriogomes.com.br\/noticias\/wp-json\/wp\/v2\/comments?post=29131"}],"version-history":[{"count":1,"href":"https:\/\/blogdorogeriogomes.com.br\/noticias\/wp-json\/wp\/v2\/posts\/29131\/revisions"}],"predecessor-version":[{"id":29133,"href":"https:\/\/blogdorogeriogomes.com.br\/noticias\/wp-json\/wp\/v2\/posts\/29131\/revisions\/29133"}],"wp:featuredmedia":[{"embeddable":true,"href":"https:\/\/blogdorogeriogomes.com.br\/noticias\/wp-json\/wp\/v2\/media\/29132"}],"wp:attachment":[{"href":"https:\/\/blogdorogeriogomes.com.br\/noticias\/wp-json\/wp\/v2\/media?parent=29131"}],"wp:term":[{"taxonomy":"category","embeddable":true,"href":"https:\/\/blogdorogeriogomes.com.br\/noticias\/wp-json\/wp\/v2\/categories?post=29131"},{"taxonomy":"post_tag","embeddable":true,"href":"https:\/\/blogdorogeriogomes.com.br\/noticias\/wp-json\/wp\/v2\/tags?post=29131"}],"curies":[{"name":"wp","href":"https:\/\/api.w.org\/{rel}","templated":true}]}}