{"id":29134,"date":"2023-05-01T13:37:35","date_gmt":"2023-05-01T13:37:35","guid":{"rendered":"https:\/\/blogdorogeriogomes.com.br\/?p=29134"},"modified":"2023-05-02T09:10:09","modified_gmt":"2023-05-02T09:10:09","slug":"lula-anuncia-salario-minimo-de-r-1-320-e-aumento-da-faixa-de-isencao-do-imposto-de-renda","status":"publish","type":"post","link":"https:\/\/blogdorogeriogomes.com.br\/noticias\/2023\/05\/lula-anuncia-salario-minimo-de-r-1-320-e-aumento-da-faixa-de-isencao-do-imposto-de-renda\/","title":{"rendered":"Lula anuncia sal\u00e1rio m\u00ednimo de R$ 1.320 e aumento da faixa de isen\u00e7\u00e3o do Imposto de Renda"},"content":{"rendered":"\n<p>O sal\u00e1rio m\u00ednimo passa a ser de R$ 1.320 a partir deste 1\u00ba de Maio, Dia do Trabalho. O reajuste do piso nacional, que tamb\u00e9m \u00e9 o piso das aposentadorias do INSS (Instituto Nacional do Seguro Social), foi anunciado pelo presidente Luiz In\u00e1cio Lula da Silva (PT) em pronunciamento na TV neste domingo, dia 30 de abril.<\/p>\n\n\n\n<p>Com a altera\u00e7\u00e3o no valor, antes em R$ 1.302, aposentadorias, pens\u00f5es, BPC (Benef\u00edcio de Presta\u00e7\u00e3o Continuada), atrasados do INSS, abono do PIS\/Pasep, seguro-desemprego e contribui\u00e7\u00f5es previdenci\u00e1rias que t\u00eam o m\u00ednimo como base tamb\u00e9m ser\u00e3o alterados.<\/p>\n\n\n\n<p>A faixa de isen\u00e7\u00e3o do Imposto de Renda passa a ser de R$ 2.640. O presidente ainda se comprometeu em elevar a faixa de isen\u00e7\u00e3o at\u00e9 R$ 5.000 at\u00e9 o fim de seu mandato. A corre\u00e7\u00e3o da tabela do Imposto de Renda \u00e9 uma de suas principais promessas de campanha.<\/p>\n\n\n\n<figure class=\"wp-block-image size-full\"><img loading=\"lazy\" decoding=\"async\" width=\"1024\" height=\"644\" src=\"https:\/\/blogdorogeriogomes.com.br\/wp-content\/uploads\/2023\/05\/IMG-20230501-WA0048.jpg\" alt=\"\" class=\"wp-image-29135\" srcset=\"https:\/\/blogdorogeriogomes.com.br\/noticias\/wp-content\/uploads\/2023\/05\/IMG-20230501-WA0048.jpg 1024w, https:\/\/blogdorogeriogomes.com.br\/noticias\/wp-content\/uploads\/2023\/05\/IMG-20230501-WA0048-300x189.jpg 300w, https:\/\/blogdorogeriogomes.com.br\/noticias\/wp-content\/uploads\/2023\/05\/IMG-20230501-WA0048-768x483.jpg 768w, https:\/\/blogdorogeriogomes.com.br\/noticias\/wp-content\/uploads\/2023\/05\/IMG-20230501-WA0048-800x503.jpg 800w, https:\/\/blogdorogeriogomes.com.br\/noticias\/wp-content\/uploads\/2023\/05\/IMG-20230501-WA0048-320x202.jpg 320w, https:\/\/blogdorogeriogomes.com.br\/noticias\/wp-content\/uploads\/2023\/05\/IMG-20230501-WA0048-700x441.jpg 700w\" sizes=\"auto, (max-width: 1024px) 100vw, 1024px\" \/><\/figure>\n\n\n\n<p><br><\/p>\n","protected":false},"excerpt":{"rendered":"<p>O sal\u00e1rio m\u00ednimo passa a ser de R$ 1.320 a partir deste 1\u00ba de Maio, Dia do Trabalho. O reajuste do piso nacional, que tamb\u00e9m \u00e9 o piso das aposentadorias do INSS (Instituto Nacional do Seguro Social), foi anunciado pelo presidente Luiz In\u00e1cio Lula da Silva (PT) em pronunciamento na TV neste domingo, dia 30 de abril. Com a altera\u00e7\u00e3o no valor, antes em R$ 1.302, aposentadorias, pens\u00f5es, BPC (Benef\u00edcio de Presta\u00e7\u00e3o Continuada), atrasados do INSS, abono do PIS\/Pasep,&hellip;<\/p>\n","protected":false},"author":1,"featured_media":29135,"comment_status":"open","ping_status":"open","sticky":false,"template":"","format":"standard","meta":{"footnotes":""},"categories":[1],"tags":[],"class_list":["post-29134","post","type-post","status-publish","format-standard","has-post-thumbnail","hentry","category-noticias"],"_links":{"self":[{"href":"https:\/\/blogdorogeriogomes.com.br\/noticias\/wp-json\/wp\/v2\/posts\/29134","targetHints":{"allow":["GET"]}}],"collection":[{"href":"https:\/\/blogdorogeriogomes.com.br\/noticias\/wp-json\/wp\/v2\/posts"}],"about":[{"href":"https:\/\/blogdorogeriogomes.com.br\/noticias\/wp-json\/wp\/v2\/types\/post"}],"author":[{"embeddable":true,"href":"https:\/\/blogdorogeriogomes.com.br\/noticias\/wp-json\/wp\/v2\/users\/1"}],"replies":[{"embeddable":true,"href":"https:\/\/blogdorogeriogomes.com.br\/noticias\/wp-json\/wp\/v2\/comments?post=29134"}],"version-history":[{"count":1,"href":"https:\/\/blogdorogeriogomes.com.br\/noticias\/wp-json\/wp\/v2\/posts\/29134\/revisions"}],"predecessor-version":[{"id":29136,"href":"https:\/\/blogdorogeriogomes.com.br\/noticias\/wp-json\/wp\/v2\/posts\/29134\/revisions\/29136"}],"wp:featuredmedia":[{"embeddable":true,"href":"https:\/\/blogdorogeriogomes.com.br\/noticias\/wp-json\/wp\/v2\/media\/29135"}],"wp:attachment":[{"href":"https:\/\/blogdorogeriogomes.com.br\/noticias\/wp-json\/wp\/v2\/media?parent=29134"}],"wp:term":[{"taxonomy":"category","embeddable":true,"href":"https:\/\/blogdorogeriogomes.com.br\/noticias\/wp-json\/wp\/v2\/categories?post=29134"},{"taxonomy":"post_tag","embeddable":true,"href":"https:\/\/blogdorogeriogomes.com.br\/noticias\/wp-json\/wp\/v2\/tags?post=29134"}],"curies":[{"name":"wp","href":"https:\/\/api.w.org\/{rel}","templated":true}]}}