{"id":29137,"date":"2023-05-01T14:07:33","date_gmt":"2023-05-01T14:07:33","guid":{"rendered":"https:\/\/blogdorogeriogomes.com.br\/?p=29137"},"modified":"2023-05-02T09:10:01","modified_gmt":"2023-05-02T09:10:01","slug":"evandro-leitao-se-aproxima-do-pt-e-disputa-espaco-para-ser-candidato-a-prefeitura-de-fortaleza-luizianne-tambem-esta-no-pareo","status":"publish","type":"post","link":"https:\/\/blogdorogeriogomes.com.br\/noticias\/2023\/05\/evandro-leitao-se-aproxima-do-pt-e-disputa-espaco-para-ser-candidato-a-prefeitura-de-fortaleza-luizianne-tambem-esta-no-pareo\/","title":{"rendered":"Evandro Leit\u00e3o se aproxima do PT e disputa espa\u00e7o para ser candidato \u00e0 Prefeitura de Fortaleza. Luizianne tamb\u00e9m est\u00e1 no p\u00e1reo"},"content":{"rendered":"\n<p>As elei\u00e7\u00f5es municipais acontecem apenas no pr\u00f3ximo ano, mas os bastidores pol\u00edticos est\u00e3o aquecidos em torno dos nomes que podem concorrer \u00e0 Prefeitura de Fortaleza. O atual prefeito Jos\u00e9 Sarto (PDT) j\u00e1 se mostrou disposto a ser candidato \u00e0 reelei\u00e7\u00e3o. Mas no pr\u00f3prio partido, h\u00e1 um racha em rela\u00e7\u00e3o ao grupo comandado pelo ex-ministro Ciro Gomes e pelo ex-prefeito da Capital Roberto Cl\u00e1udio.<\/p>\n\n\n\n<p>Pedetistas ligados ao grupo do governador Elmano de Freitas (PT) e do senador Camilo Santana (PT) apontam o presidente da Assembleia Legislativa, Evandro Leit\u00e3o (PDT), como um nome do grupo para concorrer ao Pa\u00e7o Municipal. Evandro \u00e9 figura constante nos eventos do Governo do Estado.<\/p>\n\n\n\n<p>&#8220;Vamos trazer o Evandro para dentro do PT. Eu defendo isso. Vamos conversar com a Luizianne Lins, vamos conversar com as nossas lideran\u00e7as de Fortaleza\u201d, declarou o deputado estadual De Assis Diniz, l\u00edder do PT na Assembleia. A deputada federal Luizianne Lins (PT) tamb\u00e9m \u00e9 pr\u00e9-candidata \u00e0 Prefeitura de Fortaleza. <\/p>\n\n\n\n<p>Correndo por fora est\u00e1 Capit\u00e3o Wagner (Uni\u00e3o Brasil), que deseja concorrer como candidato da oposi\u00e7\u00e3o. Atualmente sem mandato pol\u00edtico, Wagner ocupa o cargo de secret\u00e1rio de Sa\u00fade de Maracana\u00fa, que tem como prefeito Roberto Pessoa.<\/p>\n\n\n\n<figure class=\"wp-block-image size-full\"><img loading=\"lazy\" decoding=\"async\" width=\"414\" height=\"321\" src=\"https:\/\/blogdorogeriogomes.com.br\/wp-content\/uploads\/2023\/05\/images-112.jpeg\" alt=\"\" class=\"wp-image-29138\" srcset=\"https:\/\/blogdorogeriogomes.com.br\/noticias\/wp-content\/uploads\/2023\/05\/images-112.jpeg 414w, https:\/\/blogdorogeriogomes.com.br\/noticias\/wp-content\/uploads\/2023\/05\/images-112-300x233.jpeg 300w\" sizes=\"auto, (max-width: 414px) 100vw, 414px\" \/><\/figure>\n","protected":false},"excerpt":{"rendered":"<p>As elei\u00e7\u00f5es municipais acontecem apenas no pr\u00f3ximo ano, mas os bastidores pol\u00edticos est\u00e3o aquecidos em torno dos nomes que podem concorrer \u00e0 Prefeitura de Fortaleza. O atual prefeito Jos\u00e9 Sarto (PDT) j\u00e1 se mostrou disposto a ser candidato \u00e0 reelei\u00e7\u00e3o. Mas no pr\u00f3prio partido, h\u00e1 um racha em rela\u00e7\u00e3o ao grupo comandado pelo ex-ministro Ciro Gomes e pelo ex-prefeito da Capital Roberto Cl\u00e1udio. Pedetistas ligados ao grupo do governador Elmano de Freitas (PT) e do senador Camilo Santana (PT)&hellip;<\/p>\n","protected":false},"author":1,"featured_media":29138,"comment_status":"open","ping_status":"open","sticky":false,"template":"","format":"standard","meta":{"footnotes":""},"categories":[1],"tags":[],"class_list":["post-29137","post","type-post","status-publish","format-standard","has-post-thumbnail","hentry","category-noticias"],"_links":{"self":[{"href":"https:\/\/blogdorogeriogomes.com.br\/noticias\/wp-json\/wp\/v2\/posts\/29137","targetHints":{"allow":["GET"]}}],"collection":[{"href":"https:\/\/blogdorogeriogomes.com.br\/noticias\/wp-json\/wp\/v2\/posts"}],"about":[{"href":"https:\/\/blogdorogeriogomes.com.br\/noticias\/wp-json\/wp\/v2\/types\/post"}],"author":[{"embeddable":true,"href":"https:\/\/blogdorogeriogomes.com.br\/noticias\/wp-json\/wp\/v2\/users\/1"}],"replies":[{"embeddable":true,"href":"https:\/\/blogdorogeriogomes.com.br\/noticias\/wp-json\/wp\/v2\/comments?post=29137"}],"version-history":[{"count":1,"href":"https:\/\/blogdorogeriogomes.com.br\/noticias\/wp-json\/wp\/v2\/posts\/29137\/revisions"}],"predecessor-version":[{"id":29139,"href":"https:\/\/blogdorogeriogomes.com.br\/noticias\/wp-json\/wp\/v2\/posts\/29137\/revisions\/29139"}],"wp:featuredmedia":[{"embeddable":true,"href":"https:\/\/blogdorogeriogomes.com.br\/noticias\/wp-json\/wp\/v2\/media\/29138"}],"wp:attachment":[{"href":"https:\/\/blogdorogeriogomes.com.br\/noticias\/wp-json\/wp\/v2\/media?parent=29137"}],"wp:term":[{"taxonomy":"category","embeddable":true,"href":"https:\/\/blogdorogeriogomes.com.br\/noticias\/wp-json\/wp\/v2\/categories?post=29137"},{"taxonomy":"post_tag","embeddable":true,"href":"https:\/\/blogdorogeriogomes.com.br\/noticias\/wp-json\/wp\/v2\/tags?post=29137"}],"curies":[{"name":"wp","href":"https:\/\/api.w.org\/{rel}","templated":true}]}}