{"id":29140,"date":"2023-05-02T11:24:33","date_gmt":"2023-05-02T11:24:33","guid":{"rendered":"https:\/\/blogdorogeriogomes.com.br\/?p=29140"},"modified":"2023-05-02T15:35:31","modified_gmt":"2023-05-02T15:35:31","slug":"lula-pode-antecipar-novo-nome-para-ministro-do-stf-zanin-e-favorito","status":"publish","type":"post","link":"https:\/\/blogdorogeriogomes.com.br\/noticias\/2023\/05\/lula-pode-antecipar-novo-nome-para-ministro-do-stf-zanin-e-favorito\/","title":{"rendered":"Lula pode antecipar novo nome para ministro do STF. Zanin \u00e9 favorito"},"content":{"rendered":"\n<p>Nas pr\u00f3ximas duas semanas, o presidente Lula (PT) pode acelerar a indica\u00e7\u00e3o do novo ministro do Supremo Tribunal Federal (STF), na vaga de Ricardo Lewandowski que se aposentou. O atual favorito ao cargo \u00e9 advogado Cristiano Zanin. Lula v\u00eam sendo aconselhado por ministros a antecipar a indica\u00e7\u00e3o para evitar desgastes que venham a ser provocados pela CPI do 8 de janeiro no Congresso Nacional. <\/p>\n\n\n\n<p>Presidente da Comiss\u00e3o de Constitui\u00e7\u00e3o e Justi\u00e7a (CCJ), o senador Davi Alcolumbre (Uni\u00e3o-AP) j\u00e1 fez chegar a Zanin o recado de que, uma vez confirmada a indica\u00e7\u00e3o, n\u00e3o demorar\u00e1 para definir a data de sua sabatina no Senado. O indicado por Lula ao STF precisa ser aprovado por maioria absoluta do plen\u00e1rio do Senado com ao menos 41 dos 81 senadores.<\/p>\n\n\n\n<figure class=\"wp-block-image size-full\"><img loading=\"lazy\" decoding=\"async\" width=\"706\" height=\"434\" src=\"https:\/\/blogdorogeriogomes.com.br\/wp-content\/uploads\/2023\/05\/images-12.jpeg\" alt=\"\" class=\"wp-image-29141\" srcset=\"https:\/\/blogdorogeriogomes.com.br\/noticias\/wp-content\/uploads\/2023\/05\/images-12.jpeg 706w, https:\/\/blogdorogeriogomes.com.br\/noticias\/wp-content\/uploads\/2023\/05\/images-12-300x184.jpeg 300w\" sizes=\"auto, (max-width: 706px) 100vw, 706px\" \/><\/figure>\n","protected":false},"excerpt":{"rendered":"<p>Nas pr\u00f3ximas duas semanas, o presidente Lula (PT) pode acelerar a indica\u00e7\u00e3o do novo ministro do Supremo Tribunal Federal (STF), na vaga de Ricardo Lewandowski que se aposentou. O atual favorito ao cargo \u00e9 advogado Cristiano Zanin. Lula v\u00eam sendo aconselhado por ministros a antecipar a indica\u00e7\u00e3o para evitar desgastes que venham a ser provocados pela CPI do 8 de janeiro no Congresso Nacional. Presidente da Comiss\u00e3o de Constitui\u00e7\u00e3o e Justi\u00e7a (CCJ), o senador Davi Alcolumbre (Uni\u00e3o-AP) j\u00e1 fez&hellip;<\/p>\n","protected":false},"author":1,"featured_media":29141,"comment_status":"open","ping_status":"open","sticky":false,"template":"","format":"standard","meta":{"footnotes":""},"categories":[1],"tags":[],"class_list":["post-29140","post","type-post","status-publish","format-standard","has-post-thumbnail","hentry","category-noticias"],"_links":{"self":[{"href":"https:\/\/blogdorogeriogomes.com.br\/noticias\/wp-json\/wp\/v2\/posts\/29140","targetHints":{"allow":["GET"]}}],"collection":[{"href":"https:\/\/blogdorogeriogomes.com.br\/noticias\/wp-json\/wp\/v2\/posts"}],"about":[{"href":"https:\/\/blogdorogeriogomes.com.br\/noticias\/wp-json\/wp\/v2\/types\/post"}],"author":[{"embeddable":true,"href":"https:\/\/blogdorogeriogomes.com.br\/noticias\/wp-json\/wp\/v2\/users\/1"}],"replies":[{"embeddable":true,"href":"https:\/\/blogdorogeriogomes.com.br\/noticias\/wp-json\/wp\/v2\/comments?post=29140"}],"version-history":[{"count":1,"href":"https:\/\/blogdorogeriogomes.com.br\/noticias\/wp-json\/wp\/v2\/posts\/29140\/revisions"}],"predecessor-version":[{"id":29142,"href":"https:\/\/blogdorogeriogomes.com.br\/noticias\/wp-json\/wp\/v2\/posts\/29140\/revisions\/29142"}],"wp:featuredmedia":[{"embeddable":true,"href":"https:\/\/blogdorogeriogomes.com.br\/noticias\/wp-json\/wp\/v2\/media\/29141"}],"wp:attachment":[{"href":"https:\/\/blogdorogeriogomes.com.br\/noticias\/wp-json\/wp\/v2\/media?parent=29140"}],"wp:term":[{"taxonomy":"category","embeddable":true,"href":"https:\/\/blogdorogeriogomes.com.br\/noticias\/wp-json\/wp\/v2\/categories?post=29140"},{"taxonomy":"post_tag","embeddable":true,"href":"https:\/\/blogdorogeriogomes.com.br\/noticias\/wp-json\/wp\/v2\/tags?post=29140"}],"curies":[{"name":"wp","href":"https:\/\/api.w.org\/{rel}","templated":true}]}}