{"id":29143,"date":"2023-05-02T11:48:43","date_gmt":"2023-05-02T11:48:43","guid":{"rendered":"https:\/\/blogdorogeriogomes.com.br\/?p=29143"},"modified":"2023-05-02T15:35:24","modified_gmt":"2023-05-02T15:35:24","slug":"azul-retoma-voos-diarios-de-fortaleza-para-juazeiro-do-norte-nesta-terca-feira","status":"publish","type":"post","link":"https:\/\/blogdorogeriogomes.com.br\/noticias\/2023\/05\/azul-retoma-voos-diarios-de-fortaleza-para-juazeiro-do-norte-nesta-terca-feira\/","title":{"rendered":"Azul retoma voos di\u00e1rios de Fortaleza para Juazeiro do Norte nesta ter\u00e7a-feira"},"content":{"rendered":"\n<p>Os voos di\u00e1rios da Azul Linhas A\u00e9reas entre as cidades de Fortaleza e Juazeiro do Norte ser\u00e3o retomados nesta ter\u00e7a-feira, dia 2 de maio. As sa\u00eddas de Fortaleza ocorrem \u00e0s 4h30min, de segunda a s\u00e1bado, e de Juazeiro do Norte, de domingo a sexta-feira \u00e0s 23h55min. Os valores dos trechos partem de R$ 288,61.<\/p>\n\n\n\n<p>Os voos entre as duas cidades cearenses v\u00e3o ser operados na aeronave E195, da Embraer, com capacidade para 118 pessoas. O an\u00fancio oficial dessa retomada de oferta de voos foi realizada no Pal\u00e1cio da Aboli\u00e7\u00e3o com a presen\u00e7a do governador Elmano de Freitas. Ele ressaltou que o Governo Federal prepara um programa que visa incentivar rotas a\u00e9reas no Pa\u00eds. \u201cAssim, quanto mais voos tivermos operando no Cear\u00e1, melhor vamos aproveitar esse programa&#8221;, disse.<\/p>\n\n\n\n<figure class=\"wp-block-image size-full\"><img loading=\"lazy\" decoding=\"async\" width=\"772\" height=\"397\" src=\"https:\/\/blogdorogeriogomes.com.br\/wp-content\/uploads\/2023\/05\/images-13.jpeg\" alt=\"\" class=\"wp-image-29144\" srcset=\"https:\/\/blogdorogeriogomes.com.br\/noticias\/wp-content\/uploads\/2023\/05\/images-13.jpeg 772w, https:\/\/blogdorogeriogomes.com.br\/noticias\/wp-content\/uploads\/2023\/05\/images-13-300x154.jpeg 300w, https:\/\/blogdorogeriogomes.com.br\/noticias\/wp-content\/uploads\/2023\/05\/images-13-768x395.jpeg 768w\" sizes=\"auto, (max-width: 772px) 100vw, 772px\" \/><\/figure>\n","protected":false},"excerpt":{"rendered":"<p>Os voos di\u00e1rios da Azul Linhas A\u00e9reas entre as cidades de Fortaleza e Juazeiro do Norte ser\u00e3o retomados nesta ter\u00e7a-feira, dia 2 de maio. As sa\u00eddas de Fortaleza ocorrem \u00e0s 4h30min, de segunda a s\u00e1bado, e de Juazeiro do Norte, de domingo a sexta-feira \u00e0s 23h55min. Os valores dos trechos partem de R$ 288,61. Os voos entre as duas cidades cearenses v\u00e3o ser operados na aeronave E195, da Embraer, com capacidade para 118 pessoas. O an\u00fancio oficial dessa retomada&hellip;<\/p>\n","protected":false},"author":1,"featured_media":29144,"comment_status":"open","ping_status":"open","sticky":false,"template":"","format":"standard","meta":{"footnotes":""},"categories":[1],"tags":[],"class_list":["post-29143","post","type-post","status-publish","format-standard","has-post-thumbnail","hentry","category-noticias"],"_links":{"self":[{"href":"https:\/\/blogdorogeriogomes.com.br\/noticias\/wp-json\/wp\/v2\/posts\/29143","targetHints":{"allow":["GET"]}}],"collection":[{"href":"https:\/\/blogdorogeriogomes.com.br\/noticias\/wp-json\/wp\/v2\/posts"}],"about":[{"href":"https:\/\/blogdorogeriogomes.com.br\/noticias\/wp-json\/wp\/v2\/types\/post"}],"author":[{"embeddable":true,"href":"https:\/\/blogdorogeriogomes.com.br\/noticias\/wp-json\/wp\/v2\/users\/1"}],"replies":[{"embeddable":true,"href":"https:\/\/blogdorogeriogomes.com.br\/noticias\/wp-json\/wp\/v2\/comments?post=29143"}],"version-history":[{"count":1,"href":"https:\/\/blogdorogeriogomes.com.br\/noticias\/wp-json\/wp\/v2\/posts\/29143\/revisions"}],"predecessor-version":[{"id":29145,"href":"https:\/\/blogdorogeriogomes.com.br\/noticias\/wp-json\/wp\/v2\/posts\/29143\/revisions\/29145"}],"wp:featuredmedia":[{"embeddable":true,"href":"https:\/\/blogdorogeriogomes.com.br\/noticias\/wp-json\/wp\/v2\/media\/29144"}],"wp:attachment":[{"href":"https:\/\/blogdorogeriogomes.com.br\/noticias\/wp-json\/wp\/v2\/media?parent=29143"}],"wp:term":[{"taxonomy":"category","embeddable":true,"href":"https:\/\/blogdorogeriogomes.com.br\/noticias\/wp-json\/wp\/v2\/categories?post=29143"},{"taxonomy":"post_tag","embeddable":true,"href":"https:\/\/blogdorogeriogomes.com.br\/noticias\/wp-json\/wp\/v2\/tags?post=29143"}],"curies":[{"name":"wp","href":"https:\/\/api.w.org\/{rel}","templated":true}]}}