{"id":29149,"date":"2023-05-02T21:24:47","date_gmt":"2023-05-02T21:24:47","guid":{"rendered":"https:\/\/blogdorogeriogomes.com.br\/?p=29149"},"modified":"2023-05-03T18:39:14","modified_gmt":"2023-05-03T18:39:14","slug":"ceara-vai-sediar-reuniao-do-consorcio-do-nordeste-com-a-presenca-do-ministro-alexandre-silveira","status":"publish","type":"post","link":"https:\/\/blogdorogeriogomes.com.br\/noticias\/2023\/05\/ceara-vai-sediar-reuniao-do-consorcio-do-nordeste-com-a-presenca-do-ministro-alexandre-silveira\/","title":{"rendered":"Cear\u00e1 vai sediar reuni\u00e3o do Cons\u00f3rcio do Nordeste com a presen\u00e7a do ministro Alexandre Silveira"},"content":{"rendered":"\n<p>A cidade de Fortaleza sedia, nesta sexta-feira, dia 5 de maio, no Centro de Eventos do Cear\u00e1, a reuni\u00e3o do Cons\u00f3rcio Nordeste com a participa\u00e7\u00e3o dos governadores dos nove estados da regi\u00e3o. O ministro das Minas e Energia, Alexandre Silveira (foto), tamb\u00e9m participa do encontro.<\/p>\n\n\n\n<p>A reuni\u00e3o dos integrantes do Cons\u00f3rcio Nordeste ocorre a partir das 11 horas. O governador do Cear\u00e1, Elmano de Freitas (PT), ser\u00e1 o anfitri\u00e3o do encontro, que deve discutir demandas dos estados nordestinos.<\/p>\n\n\n\n<figure class=\"wp-block-image size-full\"><img loading=\"lazy\" decoding=\"async\" width=\"678\" height=\"452\" src=\"https:\/\/blogdorogeriogomes.com.br\/wp-content\/uploads\/2023\/05\/images-15.jpeg\" alt=\"\" class=\"wp-image-29150\" srcset=\"https:\/\/blogdorogeriogomes.com.br\/noticias\/wp-content\/uploads\/2023\/05\/images-15.jpeg 678w, https:\/\/blogdorogeriogomes.com.br\/noticias\/wp-content\/uploads\/2023\/05\/images-15-300x200.jpeg 300w\" sizes=\"auto, (max-width: 678px) 100vw, 678px\" \/><\/figure>\n\n\n\n<p><\/p>\n\n\n\n<p><\/p>\n","protected":false},"excerpt":{"rendered":"<p>A cidade de Fortaleza sedia, nesta sexta-feira, dia 5 de maio, no Centro de Eventos do Cear\u00e1, a reuni\u00e3o do Cons\u00f3rcio Nordeste com a participa\u00e7\u00e3o dos governadores dos nove estados da regi\u00e3o. O ministro das Minas e Energia, Alexandre Silveira (foto), tamb\u00e9m participa do encontro. A reuni\u00e3o dos integrantes do Cons\u00f3rcio Nordeste ocorre a partir das 11 horas. O governador do Cear\u00e1, Elmano de Freitas (PT), ser\u00e1 o anfitri\u00e3o do encontro, que deve discutir demandas dos estados nordestinos.<\/p>\n","protected":false},"author":1,"featured_media":29150,"comment_status":"open","ping_status":"open","sticky":false,"template":"","format":"standard","meta":{"footnotes":""},"categories":[1],"tags":[],"class_list":["post-29149","post","type-post","status-publish","format-standard","has-post-thumbnail","hentry","category-noticias"],"_links":{"self":[{"href":"https:\/\/blogdorogeriogomes.com.br\/noticias\/wp-json\/wp\/v2\/posts\/29149","targetHints":{"allow":["GET"]}}],"collection":[{"href":"https:\/\/blogdorogeriogomes.com.br\/noticias\/wp-json\/wp\/v2\/posts"}],"about":[{"href":"https:\/\/blogdorogeriogomes.com.br\/noticias\/wp-json\/wp\/v2\/types\/post"}],"author":[{"embeddable":true,"href":"https:\/\/blogdorogeriogomes.com.br\/noticias\/wp-json\/wp\/v2\/users\/1"}],"replies":[{"embeddable":true,"href":"https:\/\/blogdorogeriogomes.com.br\/noticias\/wp-json\/wp\/v2\/comments?post=29149"}],"version-history":[{"count":2,"href":"https:\/\/blogdorogeriogomes.com.br\/noticias\/wp-json\/wp\/v2\/posts\/29149\/revisions"}],"predecessor-version":[{"id":29152,"href":"https:\/\/blogdorogeriogomes.com.br\/noticias\/wp-json\/wp\/v2\/posts\/29149\/revisions\/29152"}],"wp:featuredmedia":[{"embeddable":true,"href":"https:\/\/blogdorogeriogomes.com.br\/noticias\/wp-json\/wp\/v2\/media\/29150"}],"wp:attachment":[{"href":"https:\/\/blogdorogeriogomes.com.br\/noticias\/wp-json\/wp\/v2\/media?parent=29149"}],"wp:term":[{"taxonomy":"category","embeddable":true,"href":"https:\/\/blogdorogeriogomes.com.br\/noticias\/wp-json\/wp\/v2\/categories?post=29149"},{"taxonomy":"post_tag","embeddable":true,"href":"https:\/\/blogdorogeriogomes.com.br\/noticias\/wp-json\/wp\/v2\/tags?post=29149"}],"curies":[{"name":"wp","href":"https:\/\/api.w.org\/{rel}","templated":true}]}}