{"id":29153,"date":"2023-05-02T21:37:09","date_gmt":"2023-05-02T21:37:09","guid":{"rendered":"https:\/\/blogdorogeriogomes.com.br\/?p=29153"},"modified":"2023-05-03T18:38:57","modified_gmt":"2023-05-03T18:38:57","slug":"elmano-de-freitas-sanciona-lei-que-garante-pagamento-do-piso-dos-professores","status":"publish","type":"post","link":"https:\/\/blogdorogeriogomes.com.br\/noticias\/2023\/05\/elmano-de-freitas-sanciona-lei-que-garante-pagamento-do-piso-dos-professores\/","title":{"rendered":"Elmano de Freitas sanciona lei que garante pagamento do piso dos professores"},"content":{"rendered":"\n<p>O governador Elmano de Freitas sancionou, nesta ter\u00e7a-feira, dia 2 de maio, a lei que garante o pagamento do piso nacional aos professores da rede p\u00fablica estadual de ensino. Em solenidade transmitida pelas redes sociais, o chefe do executivo assinou o documento, que foi aprovado na semana anterior pela Assembleia Legislativa do Cear\u00e1. A medida proporciona o incremento de 14,95% no sal\u00e1rio da categoria, em conformidade com o que estabeleceu o Minist\u00e9rio da Educa\u00e7\u00e3o (MEC). O pagamento reajustado ser\u00e1 feito a partir de junho pr\u00f3ximo. Os profissionais em in\u00edcio de carreira, cujo vencimento-base estava ainda alinhado ao piso do ano anterior, ser\u00e3o contemplados com o valor retroativo a janeiro passado.<\/p>\n\n\n\n<p>A cerim\u00f4nia, realizada no Pal\u00e1cio da Aboli\u00e7\u00e3o, tamb\u00e9m contou com a presen\u00e7a da secret\u00e1ria executiva de Planejamento e Gest\u00e3o Interna da Secretaria da Educa\u00e7\u00e3o (Seduc), Stella Cavalcante; do vice-presidente do Sindicato Apeoc, Reginaldo Pinheiro; e da tesoureira-geral dessa entidade de classe, Penha Alencar.<\/p>\n\n\n\n<p>\u201cFizemos um processo de negocia\u00e7\u00e3o para cumprir o piso nacional dos professores. O di\u00e1logo nos permitiu chegar a um entendimento a fim de garantir os 14,95% de aumento na carreira, sendo um reajuste adequado, o que eu considero muito importante como reconhecimento e valoriza\u00e7\u00e3o do nosso magist\u00e9rio. Agrade\u00e7o \u00e0 Assembleia Legislativa, que aprovou a mat\u00e9ria por unanimidade. A Apeoc teve postura firme e bastante incisiva na defesa das conquistas da categoria, mas tamb\u00e9m foi muito inteligente na capacidade de dialogar\u201d, ressalta o governador.<\/p>\n\n\n\n<p>O reajuste beneficia 56.800 docentes, entre ativos, aposentados, pensionistas e tempor\u00e1rios. O impacto financeiro \u00e9 de, aproximadamente, R$ 407 milh\u00f5es\/ano ao Tesouro Estadual. Com a nova tabela, a remunera\u00e7\u00e3o para um professor em in\u00edcio de carreira, com 40 horas semanais, ser\u00e1 de 6.147,69. J\u00e1 para um professor no \u00faltimo n\u00edvel da carreira, com doutorado, passa a R$ 17.642,70. A remunera\u00e7\u00e3o inclui as verbas relativas ao vencimento (piso), reg\u00eancia e Parcela Vari\u00e1vel de Redistribui\u00e7\u00e3o (PVR). H\u00e1 ainda aux\u00edlio alimenta\u00e7\u00e3o para todos os professores com carreira com 40 horas semanais.<\/p>\n\n\n\n<figure class=\"wp-block-image size-full\"><img loading=\"lazy\" decoding=\"async\" width=\"984\" height=\"656\" src=\"https:\/\/blogdorogeriogomes.com.br\/wp-content\/uploads\/2023\/05\/professor2.jpg\" alt=\"\" class=\"wp-image-29154\" srcset=\"https:\/\/blogdorogeriogomes.com.br\/noticias\/wp-content\/uploads\/2023\/05\/professor2.jpg 984w, https:\/\/blogdorogeriogomes.com.br\/noticias\/wp-content\/uploads\/2023\/05\/professor2-300x200.jpg 300w, https:\/\/blogdorogeriogomes.com.br\/noticias\/wp-content\/uploads\/2023\/05\/professor2-768x512.jpg 768w, https:\/\/blogdorogeriogomes.com.br\/noticias\/wp-content\/uploads\/2023\/05\/professor2-800x533.jpg 800w\" sizes=\"auto, (max-width: 984px) 100vw, 984px\" \/><\/figure>\n","protected":false},"excerpt":{"rendered":"<p>O governador Elmano de Freitas sancionou, nesta ter\u00e7a-feira, dia 2 de maio, a lei que garante o pagamento do piso nacional aos professores da rede p\u00fablica estadual de ensino. Em solenidade transmitida pelas redes sociais, o chefe do executivo assinou o documento, que foi aprovado na semana anterior pela Assembleia Legislativa do Cear\u00e1. A medida proporciona o incremento de 14,95% no sal\u00e1rio da categoria, em conformidade com o que estabeleceu o Minist\u00e9rio da Educa\u00e7\u00e3o (MEC). O pagamento reajustado ser\u00e1&hellip;<\/p>\n","protected":false},"author":1,"featured_media":29154,"comment_status":"open","ping_status":"open","sticky":false,"template":"","format":"standard","meta":{"footnotes":""},"categories":[1],"tags":[],"class_list":["post-29153","post","type-post","status-publish","format-standard","has-post-thumbnail","hentry","category-noticias"],"_links":{"self":[{"href":"https:\/\/blogdorogeriogomes.com.br\/noticias\/wp-json\/wp\/v2\/posts\/29153","targetHints":{"allow":["GET"]}}],"collection":[{"href":"https:\/\/blogdorogeriogomes.com.br\/noticias\/wp-json\/wp\/v2\/posts"}],"about":[{"href":"https:\/\/blogdorogeriogomes.com.br\/noticias\/wp-json\/wp\/v2\/types\/post"}],"author":[{"embeddable":true,"href":"https:\/\/blogdorogeriogomes.com.br\/noticias\/wp-json\/wp\/v2\/users\/1"}],"replies":[{"embeddable":true,"href":"https:\/\/blogdorogeriogomes.com.br\/noticias\/wp-json\/wp\/v2\/comments?post=29153"}],"version-history":[{"count":1,"href":"https:\/\/blogdorogeriogomes.com.br\/noticias\/wp-json\/wp\/v2\/posts\/29153\/revisions"}],"predecessor-version":[{"id":29155,"href":"https:\/\/blogdorogeriogomes.com.br\/noticias\/wp-json\/wp\/v2\/posts\/29153\/revisions\/29155"}],"wp:featuredmedia":[{"embeddable":true,"href":"https:\/\/blogdorogeriogomes.com.br\/noticias\/wp-json\/wp\/v2\/media\/29154"}],"wp:attachment":[{"href":"https:\/\/blogdorogeriogomes.com.br\/noticias\/wp-json\/wp\/v2\/media?parent=29153"}],"wp:term":[{"taxonomy":"category","embeddable":true,"href":"https:\/\/blogdorogeriogomes.com.br\/noticias\/wp-json\/wp\/v2\/categories?post=29153"},{"taxonomy":"post_tag","embeddable":true,"href":"https:\/\/blogdorogeriogomes.com.br\/noticias\/wp-json\/wp\/v2\/tags?post=29153"}],"curies":[{"name":"wp","href":"https:\/\/api.w.org\/{rel}","templated":true}]}}