{"id":29156,"date":"2023-05-03T00:00:29","date_gmt":"2023-05-03T00:00:29","guid":{"rendered":"https:\/\/blogdorogeriogomes.com.br\/?p=29156"},"modified":"2023-05-03T18:38:45","modified_gmt":"2023-05-03T18:38:45","slug":"feirao-da-receita-federal-beneficia-lar-amigos-de-jesus-e-outras-quatro-instituicoes","status":"publish","type":"post","link":"https:\/\/blogdorogeriogomes.com.br\/noticias\/2023\/05\/feirao-da-receita-federal-beneficia-lar-amigos-de-jesus-e-outras-quatro-instituicoes\/","title":{"rendered":"Feir\u00e3o da Receita Federal beneficia Lar Amigos de Jesus e outras quatro institui\u00e7\u00f5es"},"content":{"rendered":"\n<p>O Lar Amigos de Jesus, juntamente com Lar da Paz, Movimento de Sa\u00fade Mental do Bom Jardim, Projeto Resgate e Pequeno Nazareno promove o Feir\u00e3o Solid\u00e1rio, com produtos doados pela Receita Federal. O evento acontece em Fortaleza, a partir desta quinta-feira, dia 4 de maio, segue at\u00e9 a segunda-feira, dia 8, ou at\u00e9 durar o estoque e se apresenta como oportunidade de economizar e ser solid\u00e1rio.<\/p>\n\n\n\n<p>O p\u00fablico interessado ter\u00e1 acesso a itens eletr\u00f4nicos, perfumarias, roupas, ferramentas e brinquedos, tudo com pre\u00e7o abaixo do mercado. O galp\u00e3o onde acontecer\u00e1 o Bazar Solid\u00e1rio localiza-se no galp\u00e3o que fica na BR-116, sentindo Itaitinga, \u00e9 exatamente no retorno do quil\u00f4metro 23, ao lado do grupo Ibiapina. A renda obtida com a venda dos produtos beneficiar\u00e1 igualmente a manuten\u00e7\u00e3o das cinco institui\u00e7\u00f5es realizadoras.<\/p>\n\n\n\n<p>Os port\u00f5es estar\u00e3o abertos para acesso das 8 \u00e0s 16 horas, ap\u00f3s adquirir entrada no valor de R$ 10,00 em dinheiro, n\u00e3o aceita pix e nem cart\u00e3o para compra do ingresso. O valor m\u00e1ximo para compras por CPF \u00e9 de R$ 2 mil reais. Tamb\u00e9m \u00e9 poss\u00edvel usar o cart\u00e3o de credito ou de d\u00e9bito para obter os produtos. Pessoas jur\u00eddicas n\u00e3o poder\u00e3o realizar compras com CNPJ de empresas.<\/p>\n\n\n\n<p>A presidente do Lar Amigos de Jesus, Irm\u00e3 Concei\u00e7\u00e3o informa que foi decidido entre as cinco institui\u00e7\u00f5es que o tempo de perman\u00eancia e a quantidade de pessoas ser\u00e3o controlados, para garantir melhor atendimento ao p\u00fablico interessado. \u201cSer\u00e1 permitida a entrada de grupos de at\u00e9 100 pessoas, com perman\u00eancia de, no m\u00e1ximo, uma hora. N\u00e3o haver\u00e1 privil\u00e9gios. Todos ter\u00e3o de entrar na fila e aguardar a sua vez\u201d, afirmou.<\/p>\n\n\n\n<figure class=\"wp-block-image size-large\"><img loading=\"lazy\" decoding=\"async\" width=\"576\" height=\"1024\" src=\"https:\/\/blogdorogeriogomes.com.br\/wp-content\/uploads\/2023\/05\/IMG-20230502-WA0079-576x1024.jpg\" alt=\"\" class=\"wp-image-29157\" srcset=\"https:\/\/blogdorogeriogomes.com.br\/noticias\/wp-content\/uploads\/2023\/05\/IMG-20230502-WA0079-576x1024.jpg 576w, https:\/\/blogdorogeriogomes.com.br\/noticias\/wp-content\/uploads\/2023\/05\/IMG-20230502-WA0079-169x300.jpg 169w, https:\/\/blogdorogeriogomes.com.br\/noticias\/wp-content\/uploads\/2023\/05\/IMG-20230502-WA0079-768x1365.jpg 768w, https:\/\/blogdorogeriogomes.com.br\/noticias\/wp-content\/uploads\/2023\/05\/IMG-20230502-WA0079-864x1536.jpg 864w, https:\/\/blogdorogeriogomes.com.br\/noticias\/wp-content\/uploads\/2023\/05\/IMG-20230502-WA0079-800x1422.jpg 800w, https:\/\/blogdorogeriogomes.com.br\/noticias\/wp-content\/uploads\/2023\/05\/IMG-20230502-WA0079.jpg 900w\" sizes=\"auto, (max-width: 576px) 100vw, 576px\" \/><\/figure>\n","protected":false},"excerpt":{"rendered":"<p>O Lar Amigos de Jesus, juntamente com Lar da Paz, Movimento de Sa\u00fade Mental do Bom Jardim, Projeto Resgate e Pequeno Nazareno promove o Feir\u00e3o Solid\u00e1rio, com produtos doados pela Receita Federal. O evento acontece em Fortaleza, a partir desta quinta-feira, dia 4 de maio, segue at\u00e9 a segunda-feira, dia 8, ou at\u00e9 durar o estoque e se apresenta como oportunidade de economizar e ser solid\u00e1rio. O p\u00fablico interessado ter\u00e1 acesso a itens eletr\u00f4nicos, perfumarias, roupas, ferramentas e brinquedos,&hellip;<\/p>\n","protected":false},"author":1,"featured_media":29157,"comment_status":"open","ping_status":"open","sticky":false,"template":"","format":"standard","meta":{"footnotes":""},"categories":[1],"tags":[],"class_list":["post-29156","post","type-post","status-publish","format-standard","has-post-thumbnail","hentry","category-noticias"],"_links":{"self":[{"href":"https:\/\/blogdorogeriogomes.com.br\/noticias\/wp-json\/wp\/v2\/posts\/29156","targetHints":{"allow":["GET"]}}],"collection":[{"href":"https:\/\/blogdorogeriogomes.com.br\/noticias\/wp-json\/wp\/v2\/posts"}],"about":[{"href":"https:\/\/blogdorogeriogomes.com.br\/noticias\/wp-json\/wp\/v2\/types\/post"}],"author":[{"embeddable":true,"href":"https:\/\/blogdorogeriogomes.com.br\/noticias\/wp-json\/wp\/v2\/users\/1"}],"replies":[{"embeddable":true,"href":"https:\/\/blogdorogeriogomes.com.br\/noticias\/wp-json\/wp\/v2\/comments?post=29156"}],"version-history":[{"count":1,"href":"https:\/\/blogdorogeriogomes.com.br\/noticias\/wp-json\/wp\/v2\/posts\/29156\/revisions"}],"predecessor-version":[{"id":29158,"href":"https:\/\/blogdorogeriogomes.com.br\/noticias\/wp-json\/wp\/v2\/posts\/29156\/revisions\/29158"}],"wp:featuredmedia":[{"embeddable":true,"href":"https:\/\/blogdorogeriogomes.com.br\/noticias\/wp-json\/wp\/v2\/media\/29157"}],"wp:attachment":[{"href":"https:\/\/blogdorogeriogomes.com.br\/noticias\/wp-json\/wp\/v2\/media?parent=29156"}],"wp:term":[{"taxonomy":"category","embeddable":true,"href":"https:\/\/blogdorogeriogomes.com.br\/noticias\/wp-json\/wp\/v2\/categories?post=29156"},{"taxonomy":"post_tag","embeddable":true,"href":"https:\/\/blogdorogeriogomes.com.br\/noticias\/wp-json\/wp\/v2\/tags?post=29156"}],"curies":[{"name":"wp","href":"https:\/\/api.w.org\/{rel}","templated":true}]}}