{"id":29159,"date":"2023-05-03T10:53:42","date_gmt":"2023-05-03T10:53:42","guid":{"rendered":"https:\/\/blogdorogeriogomes.com.br\/?p=29159"},"modified":"2023-05-03T18:38:22","modified_gmt":"2023-05-03T18:38:22","slug":"pl-das-fake-news-nao-tem-nova-data-para-ir-a-votacao-relator-quer-duas-semanas-para-fazer-ajustes-ao-projeto","status":"publish","type":"post","link":"https:\/\/blogdorogeriogomes.com.br\/noticias\/2023\/05\/pl-das-fake-news-nao-tem-nova-data-para-ir-a-votacao-relator-quer-duas-semanas-para-fazer-ajustes-ao-projeto\/","title":{"rendered":"PL das Fake News n\u00e3o tem nova data para ir \u00e0 vota\u00e7\u00e3o. Relator quer duas semanas para fazer ajustes ao projeto"},"content":{"rendered":"\n<p>A vota\u00e7\u00e3o do projeto de lei das fake news, que regulamenta e imp\u00f5e mais fiscaliza\u00e7\u00e3o nas plataformas das redes sociais, estava marcada para esta ter\u00e7a-feira, dia 2 de maio, na C\u00e2mara dos Deputados, em Bras\u00edlia, mas foi adiada por um pedido do relator, o deputado federal Orlando Silva (PCdoB), e por decis\u00e3o do presidente da C\u00e2mara, Arthur Lira (PP). Parlamentares que defendem o PL 2630 sabiam que, se votado ontem, o projeto seria rejeitado. Bolsonaristas criaram uma narrativa nas redes sociais que o projeto de lei seria criado para impor censura. O discurso foi incorporado pelas &#8220;big techs&#8221;, que agora est\u00e3o na mira do Supremo Tribunal Federal (STF) que cobram dia seus executivos de onde tiraram essa &#8220;fake news&#8221; do projeto apresentado.<\/p>\n\n\n\n<p>O relator do PL, Orlando Silva, pediu pelo menos duas semanas para buscar ajustes ao projeto, que n\u00e3o est\u00e1 agradando nem a alguns governistas. A avalia\u00e7\u00e3o da base do Governo \u00e9 que o PL s\u00f3 voltar\u00e1 a tramitar se o ambiente se tornar mais favor\u00e1vel para aprova\u00e7\u00e3o.<\/p>\n\n\n\n<p>Em tempo: o STF tornou r\u00e9us mais 200 denunciados por atos golpistas em Bras\u00edlia. Sobre a CPMI instalada no Congresso, as vagas na comiss\u00e3o ainda n\u00e3o foram definidas e o in\u00edcio dos trabalhos foi adiado. S\u00f3 deve acontecer na segunda quinzena de maio.<\/p>\n\n\n\n<figure class=\"wp-block-image size-full\"><img loading=\"lazy\" decoding=\"async\" width=\"678\" height=\"452\" src=\"https:\/\/blogdorogeriogomes.com.br\/wp-content\/uploads\/2023\/05\/images-16.jpeg\" alt=\"\" class=\"wp-image-29160\" srcset=\"https:\/\/blogdorogeriogomes.com.br\/noticias\/wp-content\/uploads\/2023\/05\/images-16.jpeg 678w, https:\/\/blogdorogeriogomes.com.br\/noticias\/wp-content\/uploads\/2023\/05\/images-16-300x200.jpeg 300w\" sizes=\"auto, (max-width: 678px) 100vw, 678px\" \/><\/figure>\n","protected":false},"excerpt":{"rendered":"<p>A vota\u00e7\u00e3o do projeto de lei das fake news, que regulamenta e imp\u00f5e mais fiscaliza\u00e7\u00e3o nas plataformas das redes sociais, estava marcada para esta ter\u00e7a-feira, dia 2 de maio, na C\u00e2mara dos Deputados, em Bras\u00edlia, mas foi adiada por um pedido do relator, o deputado federal Orlando Silva (PCdoB), e por decis\u00e3o do presidente da C\u00e2mara, Arthur Lira (PP). Parlamentares que defendem o PL 2630 sabiam que, se votado ontem, o projeto seria rejeitado. Bolsonaristas criaram uma narrativa nas&hellip;<\/p>\n","protected":false},"author":1,"featured_media":29160,"comment_status":"open","ping_status":"open","sticky":false,"template":"","format":"standard","meta":{"footnotes":""},"categories":[1],"tags":[],"class_list":["post-29159","post","type-post","status-publish","format-standard","has-post-thumbnail","hentry","category-noticias"],"_links":{"self":[{"href":"https:\/\/blogdorogeriogomes.com.br\/noticias\/wp-json\/wp\/v2\/posts\/29159","targetHints":{"allow":["GET"]}}],"collection":[{"href":"https:\/\/blogdorogeriogomes.com.br\/noticias\/wp-json\/wp\/v2\/posts"}],"about":[{"href":"https:\/\/blogdorogeriogomes.com.br\/noticias\/wp-json\/wp\/v2\/types\/post"}],"author":[{"embeddable":true,"href":"https:\/\/blogdorogeriogomes.com.br\/noticias\/wp-json\/wp\/v2\/users\/1"}],"replies":[{"embeddable":true,"href":"https:\/\/blogdorogeriogomes.com.br\/noticias\/wp-json\/wp\/v2\/comments?post=29159"}],"version-history":[{"count":1,"href":"https:\/\/blogdorogeriogomes.com.br\/noticias\/wp-json\/wp\/v2\/posts\/29159\/revisions"}],"predecessor-version":[{"id":29161,"href":"https:\/\/blogdorogeriogomes.com.br\/noticias\/wp-json\/wp\/v2\/posts\/29159\/revisions\/29161"}],"wp:featuredmedia":[{"embeddable":true,"href":"https:\/\/blogdorogeriogomes.com.br\/noticias\/wp-json\/wp\/v2\/media\/29160"}],"wp:attachment":[{"href":"https:\/\/blogdorogeriogomes.com.br\/noticias\/wp-json\/wp\/v2\/media?parent=29159"}],"wp:term":[{"taxonomy":"category","embeddable":true,"href":"https:\/\/blogdorogeriogomes.com.br\/noticias\/wp-json\/wp\/v2\/categories?post=29159"},{"taxonomy":"post_tag","embeddable":true,"href":"https:\/\/blogdorogeriogomes.com.br\/noticias\/wp-json\/wp\/v2\/tags?post=29159"}],"curies":[{"name":"wp","href":"https:\/\/api.w.org\/{rel}","templated":true}]}}