{"id":29167,"date":"2023-05-04T10:48:10","date_gmt":"2023-05-04T10:48:10","guid":{"rendered":"https:\/\/blogdorogeriogomes.com.br\/?p=29167"},"modified":"2023-05-05T12:38:26","modified_gmt":"2023-05-05T12:38:26","slug":"festival-expocrato-2023-define-atracoes-no-mes-de-julho","status":"publish","type":"post","link":"https:\/\/blogdorogeriogomes.com.br\/noticias\/2023\/05\/festival-expocrato-2023-define-atracoes-no-mes-de-julho\/","title":{"rendered":"Festival Expocrato 2023 define atra\u00e7\u00f5es no m\u00eas de julho"},"content":{"rendered":"\n<p>O Festival Expocrato 2023 est\u00e1 com atra\u00e7\u00f5es definidas para o m\u00eas de julho, na cidade do Crato, na Regi\u00e3o do Cariri. Gustavo Lima, Mari Fernandez, Xand Avi\u00e3o, Joelma, Humberto Gessinger, Paulo Ricardo, L\u00e9o Santana e Jo\u00e3o Gomes s\u00e3o alguns dos nomes confirmados. A festa acontece entre 9 e 16 de julho.<\/p>\n\n\n\n<p>O evento contar\u00e1 com 56 atra\u00e7\u00f5es musicais nacionais e locais, com mais de&nbsp;100 horas de m\u00fasica em diversos estilos, indo do rock at\u00e9 o sertanejo e forr\u00f3. <\/p>\n\n\n\n<p>Alem do festival de m\u00fasica, a Expocrato 2023 envolve uma feira agropecu\u00e1ria que envolve neg\u00f3cios envolvendo criadores de todo o Norte-Nordeste no Parque de Exposi\u00e7\u00e3o Pedro Fel\u00edcio Cavalcanti.&nbsp;<\/p>\n\n\n\n<figure class=\"wp-block-image size-full\"><img loading=\"lazy\" decoding=\"async\" width=\"620\" height=\"413\" src=\"https:\/\/blogdorogeriogomes.com.br\/wp-content\/uploads\/2023\/05\/images-18.jpeg\" alt=\"\" class=\"wp-image-29168\" srcset=\"https:\/\/blogdorogeriogomes.com.br\/noticias\/wp-content\/uploads\/2023\/05\/images-18.jpeg 620w, https:\/\/blogdorogeriogomes.com.br\/noticias\/wp-content\/uploads\/2023\/05\/images-18-300x200.jpeg 300w\" sizes=\"auto, (max-width: 620px) 100vw, 620px\" \/><\/figure>\n","protected":false},"excerpt":{"rendered":"<p>O Festival Expocrato 2023 est\u00e1 com atra\u00e7\u00f5es definidas para o m\u00eas de julho, na cidade do Crato, na Regi\u00e3o do Cariri. Gustavo Lima, Mari Fernandez, Xand Avi\u00e3o, Joelma, Humberto Gessinger, Paulo Ricardo, L\u00e9o Santana e Jo\u00e3o Gomes s\u00e3o alguns dos nomes confirmados. A festa acontece entre 9 e 16 de julho. O evento contar\u00e1 com 56 atra\u00e7\u00f5es musicais nacionais e locais, com mais de&nbsp;100 horas de m\u00fasica em diversos estilos, indo do rock at\u00e9 o sertanejo e forr\u00f3. Alem&hellip;<\/p>\n","protected":false},"author":1,"featured_media":29168,"comment_status":"open","ping_status":"open","sticky":false,"template":"","format":"standard","meta":{"footnotes":""},"categories":[1],"tags":[],"class_list":["post-29167","post","type-post","status-publish","format-standard","has-post-thumbnail","hentry","category-noticias"],"_links":{"self":[{"href":"https:\/\/blogdorogeriogomes.com.br\/noticias\/wp-json\/wp\/v2\/posts\/29167","targetHints":{"allow":["GET"]}}],"collection":[{"href":"https:\/\/blogdorogeriogomes.com.br\/noticias\/wp-json\/wp\/v2\/posts"}],"about":[{"href":"https:\/\/blogdorogeriogomes.com.br\/noticias\/wp-json\/wp\/v2\/types\/post"}],"author":[{"embeddable":true,"href":"https:\/\/blogdorogeriogomes.com.br\/noticias\/wp-json\/wp\/v2\/users\/1"}],"replies":[{"embeddable":true,"href":"https:\/\/blogdorogeriogomes.com.br\/noticias\/wp-json\/wp\/v2\/comments?post=29167"}],"version-history":[{"count":2,"href":"https:\/\/blogdorogeriogomes.com.br\/noticias\/wp-json\/wp\/v2\/posts\/29167\/revisions"}],"predecessor-version":[{"id":29197,"href":"https:\/\/blogdorogeriogomes.com.br\/noticias\/wp-json\/wp\/v2\/posts\/29167\/revisions\/29197"}],"wp:featuredmedia":[{"embeddable":true,"href":"https:\/\/blogdorogeriogomes.com.br\/noticias\/wp-json\/wp\/v2\/media\/29168"}],"wp:attachment":[{"href":"https:\/\/blogdorogeriogomes.com.br\/noticias\/wp-json\/wp\/v2\/media?parent=29167"}],"wp:term":[{"taxonomy":"category","embeddable":true,"href":"https:\/\/blogdorogeriogomes.com.br\/noticias\/wp-json\/wp\/v2\/categories?post=29167"},{"taxonomy":"post_tag","embeddable":true,"href":"https:\/\/blogdorogeriogomes.com.br\/noticias\/wp-json\/wp\/v2\/tags?post=29167"}],"curies":[{"name":"wp","href":"https:\/\/api.w.org\/{rel}","templated":true}]}}