{"id":29170,"date":"2023-05-04T11:01:20","date_gmt":"2023-05-04T11:01:20","guid":{"rendered":"https:\/\/blogdorogeriogomes.com.br\/?p=29170"},"modified":"2023-05-05T12:38:14","modified_gmt":"2023-05-05T12:38:14","slug":"conselho-de-altos-estudos-entrega-plano-estrategico-do-saneamento-basico-a-secretaria-das-cidades","status":"publish","type":"post","link":"https:\/\/blogdorogeriogomes.com.br\/noticias\/2023\/05\/conselho-de-altos-estudos-entrega-plano-estrategico-do-saneamento-basico-a-secretaria-das-cidades\/","title":{"rendered":"Conselho de Altos Estudos entrega Plano Estrat\u00e9gico do Saneamento B\u00e1sico a Secretaria das Cidades"},"content":{"rendered":"\n<p>A Secret\u00e1ria Executiva do Conselho de Altos Estudos e Assuntos Estrat\u00e9gicos da Assembleia Legislativa, Luiza Martins e a Coordenadora T\u00e9cnica do Pacto pelo Saneamento B\u00e1sico, Rosana Garjulli, entregaram nesta quarta-feira, dia 3 de maio, ao Secret\u00e1rio Executivo da Secretaria das Cidades (Scidades), Marcos Cals, o Plano Estrat\u00e9gico do Saneamento B\u00e1sico. \u00c9 o produto final do Pacto pelo Saneamento B\u00e1sico e relembra todas as fases de desenvolvimento do Pacto, desde a publica\u00e7\u00e3o inicial intitulada \u201cIniciando o Di\u00e1logo\u201d at\u00e9 a \u00faltima fase, que foi a elabora\u00e7\u00e3o do Plano Estrat\u00e9gico. Participaram tamb\u00e9m do encontro, Abr\u00e3ao Jereissati, Chefe de Gabinete do deputado Davi de Raimund\u00e3o, presidente do Conselho de Altos Estudos; Fl\u00e1via Vasconselos e Meline Varela, t\u00e9cnicas do Conselho.<br>O Secret\u00e1rio Marcos Cals disse estar muito feliz com o Pacto pelo Saneamento B\u00e1sico, porque a Assembleia Legislativa sempre foi um poder aberto para a popula\u00e7\u00e3o, demonstrando sensibilidade com os problemas que atingem o povo ao conceber mais um pacto social. \u201cO Secret\u00e1rio Zezinho Albuquerque nos deu total autonomia para que a Secretaria pudesse dar essa contribui\u00e7\u00e3o ao Pacto, visando atingir as metas de universaliza\u00e7\u00e3o do saneamento b\u00e1sico at\u00e9 2033, impostas pela legisla\u00e7\u00e3o\u201d, garante. Ele ressalta que os t\u00e9cnicos do Conselho e da Scidades est\u00e3o muito bem alinhados e que vai procurar fazer a parte que cabe ao executivo, levando os compromissos apontados pelo Pacto ao Governador Elmano em busca de autonomia financeira para atend\u00ea-los.<br>Segundo Luiza Martins, o Pacto pelo Saneamento B\u00e1sico tem um grande diferencial em rela\u00e7\u00e3o aos demais pactos sociais j\u00e1 desenvolvidos pela Assembleia Legislativa, ou seja, um monitoramento da governan\u00e7a dos compromissos. \u201cEstamos, inclusive, com uma proposta de cria\u00e7\u00e3o de uma Comiss\u00e3o Permanente no legislativo estadual espec\u00edfica para saneamento b\u00e1sico, envolvendo os quatro componentes, \u00e1gua, esgoto, res\u00edduos s\u00f3lidos e drenagem, al\u00e9m de saneamento rural para monitorar os compromissos insititucionais estabelecidos no Pacto\u201d, explica. Ela destaca que a Assembleia Legislativa tem desempenhado um papel muito importante de articula\u00e7\u00e3o da sociedade organizada por meio dos pactos sociais.<br><\/p>\n\n\n\n<figure class=\"wp-block-image size-full\"><img loading=\"lazy\" decoding=\"async\" width=\"1024\" height=\"768\" src=\"https:\/\/blogdorogeriogomes.com.br\/wp-content\/uploads\/2023\/05\/IMG-20230503-WA0116.jpg\" alt=\"\" class=\"wp-image-29171\" srcset=\"https:\/\/blogdorogeriogomes.com.br\/noticias\/wp-content\/uploads\/2023\/05\/IMG-20230503-WA0116.jpg 1024w, https:\/\/blogdorogeriogomes.com.br\/noticias\/wp-content\/uploads\/2023\/05\/IMG-20230503-WA0116-300x225.jpg 300w, https:\/\/blogdorogeriogomes.com.br\/noticias\/wp-content\/uploads\/2023\/05\/IMG-20230503-WA0116-768x576.jpg 768w, https:\/\/blogdorogeriogomes.com.br\/noticias\/wp-content\/uploads\/2023\/05\/IMG-20230503-WA0116-800x600.jpg 800w, https:\/\/blogdorogeriogomes.com.br\/noticias\/wp-content\/uploads\/2023\/05\/IMG-20230503-WA0116-400x300.jpg 400w\" sizes=\"auto, (max-width: 1024px) 100vw, 1024px\" \/><\/figure>\n","protected":false},"excerpt":{"rendered":"<p>A Secret\u00e1ria Executiva do Conselho de Altos Estudos e Assuntos Estrat\u00e9gicos da Assembleia Legislativa, Luiza Martins e a Coordenadora T\u00e9cnica do Pacto pelo Saneamento B\u00e1sico, Rosana Garjulli, entregaram nesta quarta-feira, dia 3 de maio, ao Secret\u00e1rio Executivo da Secretaria das Cidades (Scidades), Marcos Cals, o Plano Estrat\u00e9gico do Saneamento B\u00e1sico. \u00c9 o produto final do Pacto pelo Saneamento B\u00e1sico e relembra todas as fases de desenvolvimento do Pacto, desde a publica\u00e7\u00e3o inicial intitulada \u201cIniciando o Di\u00e1logo\u201d at\u00e9 a \u00faltima&hellip;<\/p>\n","protected":false},"author":1,"featured_media":29190,"comment_status":"open","ping_status":"open","sticky":false,"template":"","format":"standard","meta":{"footnotes":""},"categories":[1],"tags":[],"class_list":["post-29170","post","type-post","status-publish","format-standard","has-post-thumbnail","hentry","category-noticias"],"_links":{"self":[{"href":"https:\/\/blogdorogeriogomes.com.br\/noticias\/wp-json\/wp\/v2\/posts\/29170","targetHints":{"allow":["GET"]}}],"collection":[{"href":"https:\/\/blogdorogeriogomes.com.br\/noticias\/wp-json\/wp\/v2\/posts"}],"about":[{"href":"https:\/\/blogdorogeriogomes.com.br\/noticias\/wp-json\/wp\/v2\/types\/post"}],"author":[{"embeddable":true,"href":"https:\/\/blogdorogeriogomes.com.br\/noticias\/wp-json\/wp\/v2\/users\/1"}],"replies":[{"embeddable":true,"href":"https:\/\/blogdorogeriogomes.com.br\/noticias\/wp-json\/wp\/v2\/comments?post=29170"}],"version-history":[{"count":1,"href":"https:\/\/blogdorogeriogomes.com.br\/noticias\/wp-json\/wp\/v2\/posts\/29170\/revisions"}],"predecessor-version":[{"id":29172,"href":"https:\/\/blogdorogeriogomes.com.br\/noticias\/wp-json\/wp\/v2\/posts\/29170\/revisions\/29172"}],"wp:featuredmedia":[{"embeddable":true,"href":"https:\/\/blogdorogeriogomes.com.br\/noticias\/wp-json\/wp\/v2\/media\/29190"}],"wp:attachment":[{"href":"https:\/\/blogdorogeriogomes.com.br\/noticias\/wp-json\/wp\/v2\/media?parent=29170"}],"wp:term":[{"taxonomy":"category","embeddable":true,"href":"https:\/\/blogdorogeriogomes.com.br\/noticias\/wp-json\/wp\/v2\/categories?post=29170"},{"taxonomy":"post_tag","embeddable":true,"href":"https:\/\/blogdorogeriogomes.com.br\/noticias\/wp-json\/wp\/v2\/tags?post=29170"}],"curies":[{"name":"wp","href":"https:\/\/api.w.org\/{rel}","templated":true}]}}