{"id":29176,"date":"2023-05-04T11:35:01","date_gmt":"2023-05-04T11:35:01","guid":{"rendered":"https:\/\/blogdorogeriogomes.com.br\/?p=29176"},"modified":"2023-05-05T12:37:27","modified_gmt":"2023-05-05T12:37:27","slug":"lula-faz-primeira-reuniao-do-conselhao-nesta-quinta-feira-em-brasilia","status":"publish","type":"post","link":"https:\/\/blogdorogeriogomes.com.br\/noticias\/2023\/05\/lula-faz-primeira-reuniao-do-conselhao-nesta-quinta-feira-em-brasilia\/","title":{"rendered":"Lula faz primeira reuni\u00e3o do &#8220;Conselh\u00e3o&#8221; nesta quinta-feira em Bras\u00edlia"},"content":{"rendered":"\n<p>O Conselho de Desenvolvimento Econ\u00f4mico Social Sustent\u00e1vel, conhecido como &#8220;Conselh\u00e3o&#8221;, se reunir\u00e1 pela primeira vez nesta quinta-feira, dia 4 de maio. O &#8220;Conselh\u00e3o&#8221;, composto por cerca de 200 membros, tomar\u00e1 posse em cerim\u00f4nia na manh\u00e3 desta quinta-feira, no Pal\u00e1cio do Itamaraty. Al\u00e9m do presidente Lula, participam do evento o vice-presidente, Geraldo Alckmin; o ministro das Rela\u00e7\u00f5es Institucionais, Alexandre Padilha; e a primeira-dama, Janja Lula da Silva.<\/p>\n\n\n\n<p>O Conselh\u00e3o ter\u00e1 representantes de diversas \u00e1reas, como sa\u00fade, educa\u00e7\u00e3o, agricultura, entre outras.&nbsp;Entre os nomes j\u00e1 conhecidos que integrar\u00e3o o Conselh\u00e3o est\u00e3o Luiza Trajano, da Magalu; Neca Set\u00fabal, herdeira do Ita\u00fa; e Cristina Junqueira, uma das fundadoras do Nubank. A ideia \u00e9 que os conselheiros se organizem em grupos tem\u00e1ticos para discutir propostas para as diversas \u00e1reas do governo.<\/p>\n\n\n\n<figure class=\"wp-block-image size-full\"><img loading=\"lazy\" decoding=\"async\" width=\"1024\" height=\"709\" src=\"https:\/\/blogdorogeriogomes.com.br\/wp-content\/uploads\/2023\/05\/IMG-20230504-WA0052.jpg\" alt=\"\" class=\"wp-image-29177\" srcset=\"https:\/\/blogdorogeriogomes.com.br\/noticias\/wp-content\/uploads\/2023\/05\/IMG-20230504-WA0052.jpg 1024w, https:\/\/blogdorogeriogomes.com.br\/noticias\/wp-content\/uploads\/2023\/05\/IMG-20230504-WA0052-300x208.jpg 300w, https:\/\/blogdorogeriogomes.com.br\/noticias\/wp-content\/uploads\/2023\/05\/IMG-20230504-WA0052-768x532.jpg 768w, https:\/\/blogdorogeriogomes.com.br\/noticias\/wp-content\/uploads\/2023\/05\/IMG-20230504-WA0052-800x554.jpg 800w\" sizes=\"auto, (max-width: 1024px) 100vw, 1024px\" \/><\/figure>\n","protected":false},"excerpt":{"rendered":"<p>O Conselho de Desenvolvimento Econ\u00f4mico Social Sustent\u00e1vel, conhecido como &#8220;Conselh\u00e3o&#8221;, se reunir\u00e1 pela primeira vez nesta quinta-feira, dia 4 de maio. O &#8220;Conselh\u00e3o&#8221;, composto por cerca de 200 membros, tomar\u00e1 posse em cerim\u00f4nia na manh\u00e3 desta quinta-feira, no Pal\u00e1cio do Itamaraty. Al\u00e9m do presidente Lula, participam do evento o vice-presidente, Geraldo Alckmin; o ministro das Rela\u00e7\u00f5es Institucionais, Alexandre Padilha; e a primeira-dama, Janja Lula da Silva. O Conselh\u00e3o ter\u00e1 representantes de diversas \u00e1reas, como sa\u00fade, educa\u00e7\u00e3o, agricultura, entre outras.&nbsp;Entre&hellip;<\/p>\n","protected":false},"author":1,"featured_media":29177,"comment_status":"open","ping_status":"open","sticky":false,"template":"","format":"standard","meta":{"footnotes":""},"categories":[1],"tags":[],"class_list":["post-29176","post","type-post","status-publish","format-standard","has-post-thumbnail","hentry","category-noticias"],"_links":{"self":[{"href":"https:\/\/blogdorogeriogomes.com.br\/noticias\/wp-json\/wp\/v2\/posts\/29176","targetHints":{"allow":["GET"]}}],"collection":[{"href":"https:\/\/blogdorogeriogomes.com.br\/noticias\/wp-json\/wp\/v2\/posts"}],"about":[{"href":"https:\/\/blogdorogeriogomes.com.br\/noticias\/wp-json\/wp\/v2\/types\/post"}],"author":[{"embeddable":true,"href":"https:\/\/blogdorogeriogomes.com.br\/noticias\/wp-json\/wp\/v2\/users\/1"}],"replies":[{"embeddable":true,"href":"https:\/\/blogdorogeriogomes.com.br\/noticias\/wp-json\/wp\/v2\/comments?post=29176"}],"version-history":[{"count":2,"href":"https:\/\/blogdorogeriogomes.com.br\/noticias\/wp-json\/wp\/v2\/posts\/29176\/revisions"}],"predecessor-version":[{"id":29195,"href":"https:\/\/blogdorogeriogomes.com.br\/noticias\/wp-json\/wp\/v2\/posts\/29176\/revisions\/29195"}],"wp:featuredmedia":[{"embeddable":true,"href":"https:\/\/blogdorogeriogomes.com.br\/noticias\/wp-json\/wp\/v2\/media\/29177"}],"wp:attachment":[{"href":"https:\/\/blogdorogeriogomes.com.br\/noticias\/wp-json\/wp\/v2\/media?parent=29176"}],"wp:term":[{"taxonomy":"category","embeddable":true,"href":"https:\/\/blogdorogeriogomes.com.br\/noticias\/wp-json\/wp\/v2\/categories?post=29176"},{"taxonomy":"post_tag","embeddable":true,"href":"https:\/\/blogdorogeriogomes.com.br\/noticias\/wp-json\/wp\/v2\/tags?post=29176"}],"curies":[{"name":"wp","href":"https:\/\/api.w.org\/{rel}","templated":true}]}}