{"id":29179,"date":"2023-05-04T20:19:12","date_gmt":"2023-05-04T20:19:12","guid":{"rendered":"https:\/\/blogdorogeriogomes.com.br\/?p=29179"},"modified":"2023-05-05T12:37:13","modified_gmt":"2023-05-05T12:37:13","slug":"prefeitura-de-fortaleza-lanca-pacote-de-investimentos-para-aumentar-seguranca-viaria","status":"publish","type":"post","link":"https:\/\/blogdorogeriogomes.com.br\/noticias\/2023\/05\/prefeitura-de-fortaleza-lanca-pacote-de-investimentos-para-aumentar-seguranca-viaria\/","title":{"rendered":"Prefeitura de Fortaleza lan\u00e7a pacote de investimentos para aumentar seguran\u00e7a vi\u00e1ria"},"content":{"rendered":"\n<p>A Prefeitura de Fortaleza anunciou, nesta quinta-feira, dia 4 de maio, um pacote de investimentos em mobilidade e seguran\u00e7a vi\u00e1ria. O pacote na \u00e1rea de mobilidade e seguran\u00e7a vi\u00e1ria foi anunciado durante o lan\u00e7amento do Maio Amarelo, m\u00eas dedicado \u00e0 preven\u00e7\u00e3o de acidentes de tr\u00e2nsito. Fortaleza reduziu pelo oitavo ano consecutivo o n\u00famero de mortes no tr\u00e2nsito da Capital. Uma queda de 58% de 2014 a 2022.<\/p>\n\n\n\n<p>Reduzir a viol\u00eancia no tr\u00e2nsito tamb\u00e9m \u00e9 uma forma de amenizar a demanda de atendimento no Instituto Jos\u00e9 Frota, em Fortaleza, que \u00e9 o maior hospital de emerg\u00eancia do Cear\u00e1.<\/p>\n\n\n\n<p>O pacote de investimentos da Prefeitura envolve melhorias em infraestrutura, sinaliza\u00e7\u00e3o, educa\u00e7\u00e3o e fiscaliza\u00e7\u00e3o no tr\u00e2nsito. O m\u00eas de maio \u00e9 considerado refer\u00eancia na conscientiza\u00e7\u00e3o do motorista e do pedestre.<\/p>\n\n\n\n<p>Os principais corredores da Capital v\u00e3o receber interven\u00e7\u00f5es para garantir mais seguran\u00e7a nos deslocamentos para quem est\u00e1 no transporte coletivo, particular ou a p\u00e9. Um investimento de R$ 9 milh\u00f5es de reais nos pr\u00f3ximos tr\u00eas meses.<\/p>\n\n\n\n<figure class=\"wp-block-image size-full\"><img loading=\"lazy\" decoding=\"async\" width=\"719\" height=\"427\" src=\"https:\/\/blogdorogeriogomes.com.br\/wp-content\/uploads\/2023\/05\/images-20.jpeg\" alt=\"\" class=\"wp-image-29181\" srcset=\"https:\/\/blogdorogeriogomes.com.br\/noticias\/wp-content\/uploads\/2023\/05\/images-20.jpeg 719w, https:\/\/blogdorogeriogomes.com.br\/noticias\/wp-content\/uploads\/2023\/05\/images-20-300x178.jpeg 300w\" sizes=\"auto, (max-width: 719px) 100vw, 719px\" \/><\/figure>\n","protected":false},"excerpt":{"rendered":"<p>A Prefeitura de Fortaleza anunciou, nesta quinta-feira, dia 4 de maio, um pacote de investimentos em mobilidade e seguran\u00e7a vi\u00e1ria. O pacote na \u00e1rea de mobilidade e seguran\u00e7a vi\u00e1ria foi anunciado durante o lan\u00e7amento do Maio Amarelo, m\u00eas dedicado \u00e0 preven\u00e7\u00e3o de acidentes de tr\u00e2nsito. Fortaleza reduziu pelo oitavo ano consecutivo o n\u00famero de mortes no tr\u00e2nsito da Capital. Uma queda de 58% de 2014 a 2022. Reduzir a viol\u00eancia no tr\u00e2nsito tamb\u00e9m \u00e9 uma forma de amenizar a&hellip;<\/p>\n","protected":false},"author":1,"featured_media":29181,"comment_status":"open","ping_status":"open","sticky":false,"template":"","format":"standard","meta":{"footnotes":""},"categories":[1],"tags":[],"class_list":["post-29179","post","type-post","status-publish","format-standard","has-post-thumbnail","hentry","category-noticias"],"_links":{"self":[{"href":"https:\/\/blogdorogeriogomes.com.br\/noticias\/wp-json\/wp\/v2\/posts\/29179","targetHints":{"allow":["GET"]}}],"collection":[{"href":"https:\/\/blogdorogeriogomes.com.br\/noticias\/wp-json\/wp\/v2\/posts"}],"about":[{"href":"https:\/\/blogdorogeriogomes.com.br\/noticias\/wp-json\/wp\/v2\/types\/post"}],"author":[{"embeddable":true,"href":"https:\/\/blogdorogeriogomes.com.br\/noticias\/wp-json\/wp\/v2\/users\/1"}],"replies":[{"embeddable":true,"href":"https:\/\/blogdorogeriogomes.com.br\/noticias\/wp-json\/wp\/v2\/comments?post=29179"}],"version-history":[{"count":1,"href":"https:\/\/blogdorogeriogomes.com.br\/noticias\/wp-json\/wp\/v2\/posts\/29179\/revisions"}],"predecessor-version":[{"id":29182,"href":"https:\/\/blogdorogeriogomes.com.br\/noticias\/wp-json\/wp\/v2\/posts\/29179\/revisions\/29182"}],"wp:featuredmedia":[{"embeddable":true,"href":"https:\/\/blogdorogeriogomes.com.br\/noticias\/wp-json\/wp\/v2\/media\/29181"}],"wp:attachment":[{"href":"https:\/\/blogdorogeriogomes.com.br\/noticias\/wp-json\/wp\/v2\/media?parent=29179"}],"wp:term":[{"taxonomy":"category","embeddable":true,"href":"https:\/\/blogdorogeriogomes.com.br\/noticias\/wp-json\/wp\/v2\/categories?post=29179"},{"taxonomy":"post_tag","embeddable":true,"href":"https:\/\/blogdorogeriogomes.com.br\/noticias\/wp-json\/wp\/v2\/tags?post=29179"}],"curies":[{"name":"wp","href":"https:\/\/api.w.org\/{rel}","templated":true}]}}