{"id":29183,"date":"2023-05-04T21:10:30","date_gmt":"2023-05-04T21:10:30","guid":{"rendered":"https:\/\/blogdorogeriogomes.com.br\/?p=29183"},"modified":"2023-05-05T12:36:58","modified_gmt":"2023-05-05T12:36:58","slug":"bismarck-maia-deixa-o-pdt-e-vai-assumir-comando-do-podemos-no-ceara-leitao-agradece-convite-do-pt","status":"publish","type":"post","link":"https:\/\/blogdorogeriogomes.com.br\/noticias\/2023\/05\/bismarck-maia-deixa-o-pdt-e-vai-assumir-comando-do-podemos-no-ceara-leitao-agradece-convite-do-pt\/","title":{"rendered":"Bismarck Maia deixa o PDT e vai assumir comando do Podemos no Cear\u00e1. Leit\u00e3o agradece convite do PT"},"content":{"rendered":"\n<p>O prefeito de Aracati,&nbsp;Bismarck Maia, deixou o PDT e&nbsp;assumiu a presid\u00eancia do Podemos no Cear\u00e1. A mudan\u00e7a acontece no momento de um racha no PDT estadual com parlamentares defendendo o apoio do partido ao governador Elmano de Freitas (PT) e outros ligados ao ex-prefeito de Fortaleza, Roberto Cl\u00e1udio, querendo que a legenda se mantenha na oposi\u00e7\u00e3o. <\/p>\n\n\n\n<p>A ida de Bismarck Maia para o Podemos tem a influ\u00eancia do senador Cid Gomes (PDT) como articulador pol\u00edtico. Diante da insatisfa\u00e7\u00e3o de v\u00e1rios deputados pedetistas com a divis\u00e3o na legenda no Cear\u00e1, n\u00e3o \u00e9 descartada uma debandada de parlamentares do PDT que tenham identifica\u00e7\u00e3o pol\u00edtica com o governador Elmano de Freitas (PT) e o senador Camilo Santana (PT). Aos pedetistas ainda cabe como op\u00e7\u00e3o o Republicanos, comandado no Cear\u00e1 pelo empres\u00e1rio e suplente de senador Chiquinho Feitosa.<\/p>\n\n\n\n<p>E um desses nomes \u00e9 o do presidente da Assembleia Legislativa do Cear\u00e1, Evandro Leit\u00e3o (PDT), que agradeceu o convite do l\u00edder do PT na AL, De Assis Diniz, para ingressar no partido e concorrer \u00e0 Prefeitura de Fortaleza em 2024. Leit\u00e3o disse se sentir &#8220;honrado&#8221; com o convite, mas que vai deixar a decis\u00e3o mais pra frente a decis\u00e3o de deixar ou n\u00e3o o PDT.<\/p>\n\n\n\n<figure class=\"wp-block-image size-full\"><img loading=\"lazy\" decoding=\"async\" width=\"679\" height=\"451\" src=\"https:\/\/blogdorogeriogomes.com.br\/wp-content\/uploads\/2023\/05\/images-21.jpeg\" alt=\"\" class=\"wp-image-29185\" srcset=\"https:\/\/blogdorogeriogomes.com.br\/noticias\/wp-content\/uploads\/2023\/05\/images-21.jpeg 679w, https:\/\/blogdorogeriogomes.com.br\/noticias\/wp-content\/uploads\/2023\/05\/images-21-300x199.jpeg 300w\" sizes=\"auto, (max-width: 679px) 100vw, 679px\" \/><\/figure>\n\n\n\n<figure class=\"wp-block-image size-large\"><img loading=\"lazy\" decoding=\"async\" width=\"1024\" height=\"576\" src=\"https:\/\/blogdorogeriogomes.com.br\/wp-content\/uploads\/2023\/05\/Bismarck-Maia-1024x576.jpg\" alt=\"\" class=\"wp-image-29184\" srcset=\"https:\/\/blogdorogeriogomes.com.br\/noticias\/wp-content\/uploads\/2023\/05\/Bismarck-Maia-1024x576.jpg 1024w, https:\/\/blogdorogeriogomes.com.br\/noticias\/wp-content\/uploads\/2023\/05\/Bismarck-Maia-300x169.jpg 300w, https:\/\/blogdorogeriogomes.com.br\/noticias\/wp-content\/uploads\/2023\/05\/Bismarck-Maia-768x432.jpg 768w, https:\/\/blogdorogeriogomes.com.br\/noticias\/wp-content\/uploads\/2023\/05\/Bismarck-Maia-800x450.jpg 800w, https:\/\/blogdorogeriogomes.com.br\/noticias\/wp-content\/uploads\/2023\/05\/Bismarck-Maia.jpg 1280w\" sizes=\"auto, (max-width: 1024px) 100vw, 1024px\" \/><\/figure>\n","protected":false},"excerpt":{"rendered":"<p>O prefeito de Aracati,&nbsp;Bismarck Maia, deixou o PDT e&nbsp;assumiu a presid\u00eancia do Podemos no Cear\u00e1. A mudan\u00e7a acontece no momento de um racha no PDT estadual com parlamentares defendendo o apoio do partido ao governador Elmano de Freitas (PT) e outros ligados ao ex-prefeito de Fortaleza, Roberto Cl\u00e1udio, querendo que a legenda se mantenha na oposi\u00e7\u00e3o. A ida de Bismarck Maia para o Podemos tem a influ\u00eancia do senador Cid Gomes (PDT) como articulador pol\u00edtico. Diante da insatisfa\u00e7\u00e3o de&hellip;<\/p>\n","protected":false},"author":1,"featured_media":29185,"comment_status":"open","ping_status":"open","sticky":false,"template":"","format":"standard","meta":{"footnotes":""},"categories":[1],"tags":[],"class_list":["post-29183","post","type-post","status-publish","format-standard","has-post-thumbnail","hentry","category-noticias"],"_links":{"self":[{"href":"https:\/\/blogdorogeriogomes.com.br\/noticias\/wp-json\/wp\/v2\/posts\/29183","targetHints":{"allow":["GET"]}}],"collection":[{"href":"https:\/\/blogdorogeriogomes.com.br\/noticias\/wp-json\/wp\/v2\/posts"}],"about":[{"href":"https:\/\/blogdorogeriogomes.com.br\/noticias\/wp-json\/wp\/v2\/types\/post"}],"author":[{"embeddable":true,"href":"https:\/\/blogdorogeriogomes.com.br\/noticias\/wp-json\/wp\/v2\/users\/1"}],"replies":[{"embeddable":true,"href":"https:\/\/blogdorogeriogomes.com.br\/noticias\/wp-json\/wp\/v2\/comments?post=29183"}],"version-history":[{"count":2,"href":"https:\/\/blogdorogeriogomes.com.br\/noticias\/wp-json\/wp\/v2\/posts\/29183\/revisions"}],"predecessor-version":[{"id":29188,"href":"https:\/\/blogdorogeriogomes.com.br\/noticias\/wp-json\/wp\/v2\/posts\/29183\/revisions\/29188"}],"wp:featuredmedia":[{"embeddable":true,"href":"https:\/\/blogdorogeriogomes.com.br\/noticias\/wp-json\/wp\/v2\/media\/29185"}],"wp:attachment":[{"href":"https:\/\/blogdorogeriogomes.com.br\/noticias\/wp-json\/wp\/v2\/media?parent=29183"}],"wp:term":[{"taxonomy":"category","embeddable":true,"href":"https:\/\/blogdorogeriogomes.com.br\/noticias\/wp-json\/wp\/v2\/categories?post=29183"},{"taxonomy":"post_tag","embeddable":true,"href":"https:\/\/blogdorogeriogomes.com.br\/noticias\/wp-json\/wp\/v2\/tags?post=29183"}],"curies":[{"name":"wp","href":"https:\/\/api.w.org\/{rel}","templated":true}]}}