{"id":29189,"date":"2023-05-05T09:40:38","date_gmt":"2023-05-05T09:40:38","guid":{"rendered":"https:\/\/blogdorogeriogomes.com.br\/?p=29189"},"modified":"2023-05-05T12:36:41","modified_gmt":"2023-05-05T12:36:41","slug":"pdt-de-fortaleza-programa-encontros-para-discutir-acoes-para-o-ano-eleitoral","status":"publish","type":"post","link":"https:\/\/blogdorogeriogomes.com.br\/noticias\/2023\/05\/pdt-de-fortaleza-programa-encontros-para-discutir-acoes-para-o-ano-eleitoral\/","title":{"rendered":"PDT de Fortaleza programa encontros para discutir a\u00e7\u00f5es para o ano eleitoral"},"content":{"rendered":"\n<p>As elei\u00e7\u00f5es municipais de 2024 ainda est\u00e3o distantes, mas o PDT de Fortaleza busca se aproximar das suas bases para discutir a\u00e7\u00f5es para o pr\u00f3ximo ano. A Comiss\u00e3o Executiva da legenda na Capital decidiu que a partir deste m\u00eas de maio o partido inicia uma s\u00e9rie de 12 encontros, denominados de Confer\u00eancias Trabalhistas.<br>O calend\u00e1rio dos 12 encontros regionais, que vai obedecer a distribui\u00e7\u00e3o territorial de Fortaleza, acontecer\u00e1 de maio\/2023 a abril\/2024. O primeiro encontro ser\u00e1 no dia 27 de maio, com local e tema a serem definidos por um comit\u00ea organizador designado pela Executiva Municipal.<br>Segundo o presidente do PDT de Fortaleza, ex-prefeito Roberto Cl\u00e1udio, essa s\u00e9rie de encontros vai permitir que \u201co partido possa ter uma maior comunica\u00e7\u00e3o das a\u00e7\u00f5es do PDT em Fortaleza, ouvir sugest\u00f5es e ideias da pr\u00f3pria comunidade, al\u00e9m de conectar o partido com as suas bases e com a comunidade de Fortaleza e ampliar o seu n\u00famero de filiados partid\u00e1rios\u201d.<\/p>\n\n\n\n<p>Presente \u00e0 reuni\u00e3o, o prefeito de Fortaleza Jos\u00e9 Sarto criticou as movimenta\u00e7\u00f5es em torno do deputado estadual Evandro Leit\u00e3o (PDT), cotado como candidato \u00e0 Prefeitura de Fortaleza em 2024 com o apoio do governador Elmano de Freitas (PT) e do ministro Camilo Santana (PT).<\/p>\n\n\n\n<p>Sarto disse: \u201cA elei\u00e7\u00e3o s\u00f3 ocorre ano que vem. No ano que vem, a gente pensa em elei\u00e7\u00e3o e em composi\u00e7\u00e3o partid\u00e1ria. Candidatura precoce agora \u00e9 mais de quem n\u00e3o tem muito servi\u00e7o a fazer\u201d.<br><\/p>\n\n\n\n<figure class=\"wp-block-image size-full\"><img loading=\"lazy\" decoding=\"async\" width=\"1024\" height=\"768\" src=\"https:\/\/blogdorogeriogomes.com.br\/wp-content\/uploads\/2023\/05\/IMG-20230504-WA0212.jpg\" alt=\"\" class=\"wp-image-29190\" srcset=\"https:\/\/blogdorogeriogomes.com.br\/noticias\/wp-content\/uploads\/2023\/05\/IMG-20230504-WA0212.jpg 1024w, https:\/\/blogdorogeriogomes.com.br\/noticias\/wp-content\/uploads\/2023\/05\/IMG-20230504-WA0212-300x225.jpg 300w, https:\/\/blogdorogeriogomes.com.br\/noticias\/wp-content\/uploads\/2023\/05\/IMG-20230504-WA0212-768x576.jpg 768w, https:\/\/blogdorogeriogomes.com.br\/noticias\/wp-content\/uploads\/2023\/05\/IMG-20230504-WA0212-800x600.jpg 800w, https:\/\/blogdorogeriogomes.com.br\/noticias\/wp-content\/uploads\/2023\/05\/IMG-20230504-WA0212-400x300.jpg 400w\" sizes=\"auto, (max-width: 1024px) 100vw, 1024px\" \/><\/figure>\n","protected":false},"excerpt":{"rendered":"<p>As elei\u00e7\u00f5es municipais de 2024 ainda est\u00e3o distantes, mas o PDT de Fortaleza busca se aproximar das suas bases para discutir a\u00e7\u00f5es para o pr\u00f3ximo ano. A Comiss\u00e3o Executiva da legenda na Capital decidiu que a partir deste m\u00eas de maio o partido inicia uma s\u00e9rie de 12 encontros, denominados de Confer\u00eancias Trabalhistas.O calend\u00e1rio dos 12 encontros regionais, que vai obedecer a distribui\u00e7\u00e3o territorial de Fortaleza, acontecer\u00e1 de maio\/2023 a abril\/2024. O primeiro encontro ser\u00e1 no dia 27 de&hellip;<\/p>\n","protected":false},"author":1,"featured_media":29190,"comment_status":"open","ping_status":"open","sticky":false,"template":"","format":"standard","meta":{"footnotes":""},"categories":[1],"tags":[],"class_list":["post-29189","post","type-post","status-publish","format-standard","has-post-thumbnail","hentry","category-noticias"],"_links":{"self":[{"href":"https:\/\/blogdorogeriogomes.com.br\/noticias\/wp-json\/wp\/v2\/posts\/29189","targetHints":{"allow":["GET"]}}],"collection":[{"href":"https:\/\/blogdorogeriogomes.com.br\/noticias\/wp-json\/wp\/v2\/posts"}],"about":[{"href":"https:\/\/blogdorogeriogomes.com.br\/noticias\/wp-json\/wp\/v2\/types\/post"}],"author":[{"embeddable":true,"href":"https:\/\/blogdorogeriogomes.com.br\/noticias\/wp-json\/wp\/v2\/users\/1"}],"replies":[{"embeddable":true,"href":"https:\/\/blogdorogeriogomes.com.br\/noticias\/wp-json\/wp\/v2\/comments?post=29189"}],"version-history":[{"count":1,"href":"https:\/\/blogdorogeriogomes.com.br\/noticias\/wp-json\/wp\/v2\/posts\/29189\/revisions"}],"predecessor-version":[{"id":29191,"href":"https:\/\/blogdorogeriogomes.com.br\/noticias\/wp-json\/wp\/v2\/posts\/29189\/revisions\/29191"}],"wp:featuredmedia":[{"embeddable":true,"href":"https:\/\/blogdorogeriogomes.com.br\/noticias\/wp-json\/wp\/v2\/media\/29190"}],"wp:attachment":[{"href":"https:\/\/blogdorogeriogomes.com.br\/noticias\/wp-json\/wp\/v2\/media?parent=29189"}],"wp:term":[{"taxonomy":"category","embeddable":true,"href":"https:\/\/blogdorogeriogomes.com.br\/noticias\/wp-json\/wp\/v2\/categories?post=29189"},{"taxonomy":"post_tag","embeddable":true,"href":"https:\/\/blogdorogeriogomes.com.br\/noticias\/wp-json\/wp\/v2\/tags?post=29189"}],"curies":[{"name":"wp","href":"https:\/\/api.w.org\/{rel}","templated":true}]}}