{"id":29198,"date":"2023-05-05T19:28:36","date_gmt":"2023-05-05T19:28:36","guid":{"rendered":"https:\/\/blogdorogeriogomes.com.br\/?p=29198"},"modified":"2023-05-08T13:15:29","modified_gmt":"2023-05-08T13:15:29","slug":"governadores-do-nordeste-discutem-projetos-e-recursos-para-energias-renovaveis-em-fortaleza","status":"publish","type":"post","link":"https:\/\/blogdorogeriogomes.com.br\/noticias\/2023\/05\/governadores-do-nordeste-discutem-projetos-e-recursos-para-energias-renovaveis-em-fortaleza\/","title":{"rendered":"Governadores do Nordeste discutem projetos e recursos para energias renov\u00e1veis em Fortaleza"},"content":{"rendered":"\n<p>O Cear\u00e1 sediu nesta sexta-feira, dia 5 de maio, a reuni\u00e3o do Cons\u00f3rcio Nordeste, que re\u00fane os governadores dos nove estados da regi\u00e3o. O evento teve a presen\u00e7a do ministro de Minas e Energia, Alexandre Silveira.<\/p>\n\n\n\n<p>Na pauta do encontro, o potencial de energias renov\u00e1veis do Nordeste, principalmente a cria\u00e7\u00e3o de um hub avan\u00e7ado de hidrog\u00eanio verde gerado a partir de fontes renov\u00e1veis como as energias e\u00f3lica e solar.<\/p>\n\n\n\n<p>Esta foi a segunda reuni\u00e3o do grupo desde a posse dos novos governadores, no in\u00edcio do ano. A primeira foi em Jo\u00e3o Pessoa, na Para\u00edba. Para o governador paraibano Jo\u00e3o Azevedo, que \u00e9 o atual presidente do Cons\u00f3rcio do Nordeste, a hora \u00e9 de cobrar os compromissos assumidos pelo Governo Federal de investimento na regi\u00e3o.<\/p>\n\n\n\n<p>O ministro de Minas e Energia, Alexandre Silveira, disse que veio a reuni\u00e3o do Cons\u00f3rcio do Nordeste para ouvir as demandas dos estados, mas refor\u00e7ou a mensagem do presidente Lula que a regi\u00e3o tem prioridade nas a\u00e7\u00f5es do Governo Federal.<\/p>\n\n\n\n<figure class=\"wp-block-image size-large\"><img loading=\"lazy\" decoding=\"async\" width=\"1024\" height=\"577\" src=\"https:\/\/blogdorogeriogomes.com.br\/wp-content\/uploads\/2023\/05\/consorcio-nordeste-1024x577.jpeg\" alt=\"\" class=\"wp-image-29199\" srcset=\"https:\/\/blogdorogeriogomes.com.br\/noticias\/wp-content\/uploads\/2023\/05\/consorcio-nordeste-1024x577.jpeg 1024w, https:\/\/blogdorogeriogomes.com.br\/noticias\/wp-content\/uploads\/2023\/05\/consorcio-nordeste-300x169.jpeg 300w, https:\/\/blogdorogeriogomes.com.br\/noticias\/wp-content\/uploads\/2023\/05\/consorcio-nordeste-768x433.jpeg 768w, https:\/\/blogdorogeriogomes.com.br\/noticias\/wp-content\/uploads\/2023\/05\/consorcio-nordeste-800x451.jpeg 800w, https:\/\/blogdorogeriogomes.com.br\/noticias\/wp-content\/uploads\/2023\/05\/consorcio-nordeste.jpeg 1278w\" sizes=\"auto, (max-width: 1024px) 100vw, 1024px\" \/><\/figure>\n","protected":false},"excerpt":{"rendered":"<p>O Cear\u00e1 sediu nesta sexta-feira, dia 5 de maio, a reuni\u00e3o do Cons\u00f3rcio Nordeste, que re\u00fane os governadores dos nove estados da regi\u00e3o. O evento teve a presen\u00e7a do ministro de Minas e Energia, Alexandre Silveira. Na pauta do encontro, o potencial de energias renov\u00e1veis do Nordeste, principalmente a cria\u00e7\u00e3o de um hub avan\u00e7ado de hidrog\u00eanio verde gerado a partir de fontes renov\u00e1veis como as energias e\u00f3lica e solar. Esta foi a segunda reuni\u00e3o do grupo desde a posse&hellip;<\/p>\n","protected":false},"author":1,"featured_media":29199,"comment_status":"open","ping_status":"open","sticky":false,"template":"","format":"standard","meta":{"footnotes":""},"categories":[1],"tags":[],"class_list":["post-29198","post","type-post","status-publish","format-standard","has-post-thumbnail","hentry","category-noticias"],"_links":{"self":[{"href":"https:\/\/blogdorogeriogomes.com.br\/noticias\/wp-json\/wp\/v2\/posts\/29198","targetHints":{"allow":["GET"]}}],"collection":[{"href":"https:\/\/blogdorogeriogomes.com.br\/noticias\/wp-json\/wp\/v2\/posts"}],"about":[{"href":"https:\/\/blogdorogeriogomes.com.br\/noticias\/wp-json\/wp\/v2\/types\/post"}],"author":[{"embeddable":true,"href":"https:\/\/blogdorogeriogomes.com.br\/noticias\/wp-json\/wp\/v2\/users\/1"}],"replies":[{"embeddable":true,"href":"https:\/\/blogdorogeriogomes.com.br\/noticias\/wp-json\/wp\/v2\/comments?post=29198"}],"version-history":[{"count":1,"href":"https:\/\/blogdorogeriogomes.com.br\/noticias\/wp-json\/wp\/v2\/posts\/29198\/revisions"}],"predecessor-version":[{"id":29200,"href":"https:\/\/blogdorogeriogomes.com.br\/noticias\/wp-json\/wp\/v2\/posts\/29198\/revisions\/29200"}],"wp:featuredmedia":[{"embeddable":true,"href":"https:\/\/blogdorogeriogomes.com.br\/noticias\/wp-json\/wp\/v2\/media\/29199"}],"wp:attachment":[{"href":"https:\/\/blogdorogeriogomes.com.br\/noticias\/wp-json\/wp\/v2\/media?parent=29198"}],"wp:term":[{"taxonomy":"category","embeddable":true,"href":"https:\/\/blogdorogeriogomes.com.br\/noticias\/wp-json\/wp\/v2\/categories?post=29198"},{"taxonomy":"post_tag","embeddable":true,"href":"https:\/\/blogdorogeriogomes.com.br\/noticias\/wp-json\/wp\/v2\/tags?post=29198"}],"curies":[{"name":"wp","href":"https:\/\/api.w.org\/{rel}","templated":true}]}}