{"id":29204,"date":"2023-05-06T13:31:48","date_gmt":"2023-05-06T13:31:48","guid":{"rendered":"https:\/\/blogdorogeriogomes.com.br\/?p=29204"},"modified":"2023-05-08T13:15:04","modified_gmt":"2023-05-08T13:15:04","slug":"senador-cid-gomes-relata-desejo-de-comandar-e-pacificar-o-pdt-no-ceara","status":"publish","type":"post","link":"https:\/\/blogdorogeriogomes.com.br\/noticias\/2023\/05\/senador-cid-gomes-relata-desejo-de-comandar-e-pacificar-o-pdt-no-ceara\/","title":{"rendered":"Senador Cid Gomes relata desejo de comandar e pacificar o PDT no Cear\u00e1"},"content":{"rendered":"\n<p>Em meio \u00e0s movimenta\u00e7\u00f5es pol\u00edticas dentro do PDT com perspectivas de parlamentares deixarem o partido, o senador Cid Gomes declarou que n\u00e3o tem nenhuma pretens\u00e3o de deixar a legenda. Ao contr\u00e1rio, Cid manifestou o desejo de vir a substituir o atual presidente estadual Andr\u00e9 Figueiredo no comando do partido. &#8220;Acho que represento hoje o sentimento majorit\u00e1rio do PDT aqui, no Cear\u00e1, em rela\u00e7\u00e3o aos assuntos cearenses, e tenho a pretens\u00e3o de vir a presidir o partido. Quem tem essa motiva\u00e7\u00e3o, obviamente n\u00e3o est\u00e1 pensando em sair&#8221;, disse o senador pedetista. O PDT no Cear\u00e1 vive hoje uma divis\u00e3o entre pol\u00edticos ligados ao ex-prefeito de Fortaleza, Roberto Cl\u00e1udio, e os simpatizantes do atual governador Elmano de Freitas (PT) e do senador Camilo Santana (PT).<\/p>\n\n\n\n<p>A semana que passou foi de especula\u00e7\u00f5es em torno do convite feito pelo PT ao atual presidente da Assembleia Legislativa, Evandro Leit\u00e3o, para se filiar \u00e0 legenda. Questionado sobre a ideia, o governador Elmano de Freitas (PT) afirmou que ele pr\u00f3prio j\u00e1 convidou Leit\u00e3o para ir para o PT. Mas sobre defini\u00e7\u00e3o de candidaturas para a Prefeitura de Fortaleza nas elei\u00e7\u00f5es de 2024, Elmano deixa claro que s\u00f3 tratar\u00e1 do assunto no pr\u00f3ximo ano. &#8220;Ainda n\u00e3o \u00e9 tempo para falar de elei\u00e7\u00f5es. Tem muito trabalho a ser executado no Governo do Cear\u00e1 e essa \u00e9 a minha prioridade agora&#8221;, ressaltou.<\/p>\n\n\n\n<figure class=\"wp-block-image size-large\"><img loading=\"lazy\" decoding=\"async\" width=\"1024\" height=\"577\" src=\"https:\/\/blogdorogeriogomes.com.br\/wp-content\/uploads\/2023\/05\/cid-gomes-evandro-leitao-1-1024x577.jpeg\" alt=\"\" class=\"wp-image-29205\" srcset=\"https:\/\/blogdorogeriogomes.com.br\/noticias\/wp-content\/uploads\/2023\/05\/cid-gomes-evandro-leitao-1-1024x577.jpeg 1024w, https:\/\/blogdorogeriogomes.com.br\/noticias\/wp-content\/uploads\/2023\/05\/cid-gomes-evandro-leitao-1-300x169.jpeg 300w, https:\/\/blogdorogeriogomes.com.br\/noticias\/wp-content\/uploads\/2023\/05\/cid-gomes-evandro-leitao-1-768x433.jpeg 768w, https:\/\/blogdorogeriogomes.com.br\/noticias\/wp-content\/uploads\/2023\/05\/cid-gomes-evandro-leitao-1-800x451.jpeg 800w, https:\/\/blogdorogeriogomes.com.br\/noticias\/wp-content\/uploads\/2023\/05\/cid-gomes-evandro-leitao-1.jpeg 1277w\" sizes=\"auto, (max-width: 1024px) 100vw, 1024px\" \/><\/figure>\n","protected":false},"excerpt":{"rendered":"<p>Em meio \u00e0s movimenta\u00e7\u00f5es pol\u00edticas dentro do PDT com perspectivas de parlamentares deixarem o partido, o senador Cid Gomes declarou que n\u00e3o tem nenhuma pretens\u00e3o de deixar a legenda. Ao contr\u00e1rio, Cid manifestou o desejo de vir a substituir o atual presidente estadual Andr\u00e9 Figueiredo no comando do partido. &#8220;Acho que represento hoje o sentimento majorit\u00e1rio do PDT aqui, no Cear\u00e1, em rela\u00e7\u00e3o aos assuntos cearenses, e tenho a pretens\u00e3o de vir a presidir o partido. Quem tem essa&hellip;<\/p>\n","protected":false},"author":1,"featured_media":29205,"comment_status":"open","ping_status":"open","sticky":false,"template":"","format":"standard","meta":{"footnotes":""},"categories":[1],"tags":[],"class_list":["post-29204","post","type-post","status-publish","format-standard","has-post-thumbnail","hentry","category-noticias"],"_links":{"self":[{"href":"https:\/\/blogdorogeriogomes.com.br\/noticias\/wp-json\/wp\/v2\/posts\/29204","targetHints":{"allow":["GET"]}}],"collection":[{"href":"https:\/\/blogdorogeriogomes.com.br\/noticias\/wp-json\/wp\/v2\/posts"}],"about":[{"href":"https:\/\/blogdorogeriogomes.com.br\/noticias\/wp-json\/wp\/v2\/types\/post"}],"author":[{"embeddable":true,"href":"https:\/\/blogdorogeriogomes.com.br\/noticias\/wp-json\/wp\/v2\/users\/1"}],"replies":[{"embeddable":true,"href":"https:\/\/blogdorogeriogomes.com.br\/noticias\/wp-json\/wp\/v2\/comments?post=29204"}],"version-history":[{"count":1,"href":"https:\/\/blogdorogeriogomes.com.br\/noticias\/wp-json\/wp\/v2\/posts\/29204\/revisions"}],"predecessor-version":[{"id":29206,"href":"https:\/\/blogdorogeriogomes.com.br\/noticias\/wp-json\/wp\/v2\/posts\/29204\/revisions\/29206"}],"wp:featuredmedia":[{"embeddable":true,"href":"https:\/\/blogdorogeriogomes.com.br\/noticias\/wp-json\/wp\/v2\/media\/29205"}],"wp:attachment":[{"href":"https:\/\/blogdorogeriogomes.com.br\/noticias\/wp-json\/wp\/v2\/media?parent=29204"}],"wp:term":[{"taxonomy":"category","embeddable":true,"href":"https:\/\/blogdorogeriogomes.com.br\/noticias\/wp-json\/wp\/v2\/categories?post=29204"},{"taxonomy":"post_tag","embeddable":true,"href":"https:\/\/blogdorogeriogomes.com.br\/noticias\/wp-json\/wp\/v2\/tags?post=29204"}],"curies":[{"name":"wp","href":"https:\/\/api.w.org\/{rel}","templated":true}]}}