{"id":29210,"date":"2023-05-08T10:23:58","date_gmt":"2023-05-08T10:23:58","guid":{"rendered":"https:\/\/blogdorogeriogomes.com.br\/?p=29210"},"modified":"2023-05-08T13:14:34","modified_gmt":"2023-05-08T13:14:34","slug":"diante-de-crise-na-saude-jose-sarto-busca-novas-fontes-de-recursos-para-o-setor","status":"publish","type":"post","link":"https:\/\/blogdorogeriogomes.com.br\/noticias\/2023\/05\/diante-de-crise-na-saude-jose-sarto-busca-novas-fontes-de-recursos-para-o-setor\/","title":{"rendered":"Diante de crise na sa\u00fade, Jos\u00e9 Sarto busca novas fontes de recursos para o setor"},"content":{"rendered":"\n<p>Em entrevista ao&nbsp;<em>Di\u00e1rio do Nordeste<\/em>, no \u00faltimo fim de semana, o secret\u00e1rio de Sa\u00fade de Fortaleza, Galeno Taumaturgo, reconheceu que a aten\u00e7\u00e3o prim\u00e1ria na Capital precisa de uma interven\u00e7\u00e3o urgente. H\u00e1 defici\u00eancias da rede de sa\u00fade com falta de m\u00e9dicos nos postos e sobrecarga financeira no setor.<\/p>\n\n\n\n<p>O prefeito Jos\u00e9 Sarto resolveu agir para tentar mais recursos para sa\u00fade. Ele enviou para a C\u00e2mara Municipal uma proposta para o Programa de Recupera\u00e7\u00e3o de Cr\u00e9ditos Tribut\u00e1rios e N\u00e3o Tribut\u00e1rios (Refis). O projeto de lei estabelece a destina\u00e7\u00e3o dos recursos preferencialmente para a Sa\u00fade de Fortaleza.<\/p>\n\n\n\n<p>A ideia \u00e9 possibilitar a regulariza\u00e7\u00e3o fiscal de contribuintes junto ao fisco municipal, prevendo dois perfis: o Simples e o Especial. No Refis\u2013Sa\u00fade Simples, ser\u00e1 poss\u00edvel negociar a d\u00edvida com 100% de desconto, se o montante for pago \u00e0 vista at\u00e9 o final do primeiro m\u00eas de vig\u00eancia do programa. O prazo de vig\u00eancia da negocia\u00e7\u00e3o \u00e9 de tr\u00eas meses a partir do in\u00edcio do programa de refinanciamento.<\/p>\n\n\n\n<p>No Refis-Sa\u00fade Especial, se enquadram os contribuintes com valor igual ou superior a R$ 1 milh\u00e3o. Ser\u00e3o oferecidas condi\u00e7\u00f5es especiais de pagamento, podendo parcelar em at\u00e9 120 meses. O desconto tamb\u00e9m pode chegar a 100%, a depender da quantidade de parcelas. Para a condi\u00e7\u00e3o Especial, o prazo de vig\u00eancia \u00e9 de um m\u00eas.<\/p>\n\n\n\n<p>&#8220;Conto com a sensibilidade dos vereadores e vereadoras para aprecia\u00e7\u00e3o da mat\u00e9ria, que possibilitar\u00e1 recursos para investimento e custeio de uma \u00e1rea t\u00e3o importante para a popula\u00e7\u00e3o, a sa\u00fade&#8221;, disse Jos\u00e9 Sarto.<\/p>\n\n\n\n<figure class=\"wp-block-image size-full\"><img loading=\"lazy\" decoding=\"async\" width=\"475\" height=\"424\" src=\"https:\/\/blogdorogeriogomes.com.br\/wp-content\/uploads\/2023\/05\/images-222.jpeg\" alt=\"\" class=\"wp-image-29211\" srcset=\"https:\/\/blogdorogeriogomes.com.br\/noticias\/wp-content\/uploads\/2023\/05\/images-222.jpeg 475w, https:\/\/blogdorogeriogomes.com.br\/noticias\/wp-content\/uploads\/2023\/05\/images-222-300x268.jpeg 300w\" sizes=\"auto, (max-width: 475px) 100vw, 475px\" \/><\/figure>\n","protected":false},"excerpt":{"rendered":"<p>Em entrevista ao&nbsp;Di\u00e1rio do Nordeste, no \u00faltimo fim de semana, o secret\u00e1rio de Sa\u00fade de Fortaleza, Galeno Taumaturgo, reconheceu que a aten\u00e7\u00e3o prim\u00e1ria na Capital precisa de uma interven\u00e7\u00e3o urgente. H\u00e1 defici\u00eancias da rede de sa\u00fade com falta de m\u00e9dicos nos postos e sobrecarga financeira no setor. O prefeito Jos\u00e9 Sarto resolveu agir para tentar mais recursos para sa\u00fade. Ele enviou para a C\u00e2mara Municipal uma proposta para o Programa de Recupera\u00e7\u00e3o de Cr\u00e9ditos Tribut\u00e1rios e N\u00e3o Tribut\u00e1rios (Refis).&hellip;<\/p>\n","protected":false},"author":1,"featured_media":29211,"comment_status":"open","ping_status":"open","sticky":false,"template":"","format":"standard","meta":{"footnotes":""},"categories":[1],"tags":[],"class_list":["post-29210","post","type-post","status-publish","format-standard","has-post-thumbnail","hentry","category-noticias"],"_links":{"self":[{"href":"https:\/\/blogdorogeriogomes.com.br\/noticias\/wp-json\/wp\/v2\/posts\/29210","targetHints":{"allow":["GET"]}}],"collection":[{"href":"https:\/\/blogdorogeriogomes.com.br\/noticias\/wp-json\/wp\/v2\/posts"}],"about":[{"href":"https:\/\/blogdorogeriogomes.com.br\/noticias\/wp-json\/wp\/v2\/types\/post"}],"author":[{"embeddable":true,"href":"https:\/\/blogdorogeriogomes.com.br\/noticias\/wp-json\/wp\/v2\/users\/1"}],"replies":[{"embeddable":true,"href":"https:\/\/blogdorogeriogomes.com.br\/noticias\/wp-json\/wp\/v2\/comments?post=29210"}],"version-history":[{"count":2,"href":"https:\/\/blogdorogeriogomes.com.br\/noticias\/wp-json\/wp\/v2\/posts\/29210\/revisions"}],"predecessor-version":[{"id":29213,"href":"https:\/\/blogdorogeriogomes.com.br\/noticias\/wp-json\/wp\/v2\/posts\/29210\/revisions\/29213"}],"wp:featuredmedia":[{"embeddable":true,"href":"https:\/\/blogdorogeriogomes.com.br\/noticias\/wp-json\/wp\/v2\/media\/29211"}],"wp:attachment":[{"href":"https:\/\/blogdorogeriogomes.com.br\/noticias\/wp-json\/wp\/v2\/media?parent=29210"}],"wp:term":[{"taxonomy":"category","embeddable":true,"href":"https:\/\/blogdorogeriogomes.com.br\/noticias\/wp-json\/wp\/v2\/categories?post=29210"},{"taxonomy":"post_tag","embeddable":true,"href":"https:\/\/blogdorogeriogomes.com.br\/noticias\/wp-json\/wp\/v2\/tags?post=29210"}],"curies":[{"name":"wp","href":"https:\/\/api.w.org\/{rel}","templated":true}]}}