{"id":29215,"date":"2023-05-08T21:14:52","date_gmt":"2023-05-08T21:14:52","guid":{"rendered":"https:\/\/blogdorogeriogomes.com.br\/?p=29215"},"modified":"2023-05-09T09:26:10","modified_gmt":"2023-05-09T09:26:10","slug":"mensagem-com-reajuste-do-servidor-publico-estadual-deve-chegar-na-assembleia-legislativa-nesta-terca-feira","status":"publish","type":"post","link":"https:\/\/blogdorogeriogomes.com.br\/noticias\/2023\/05\/mensagem-com-reajuste-do-servidor-publico-estadual-deve-chegar-na-assembleia-legislativa-nesta-terca-feira\/","title":{"rendered":"Mensagem com reajuste do servidor p\u00fablico estadual deve chegar na Assembleia Legislativa nesta ter\u00e7a-feira"},"content":{"rendered":"\n<p>Ap\u00f3s reuni\u00e3o entre representantes dos servidores p\u00fablicos estaduais e o l\u00edder do Governo na Assembleia Legislativa, Romeu Aldigueri, nesta segunda-feira, dia 8 de maio, a proposta com o reajuste da categoria deve come\u00e7ar a tramitar nesta ter\u00e7a-feira, dia 9, no Legislativo Estadual. O aumento dos servidores deve ser de&nbsp;5,8% pagos de forma gradual.<\/p>\n\n\n\n<p>Na reuni\u00e3o com a categoria ficaram definidas mudan\u00e7as na proposta de reajuste. A negocia\u00e7\u00e3o incluiu a antecipa\u00e7\u00e3o de parte do reajuste retroativo a janeiro, al\u00e9m de eleva\u00e7\u00e3o no aux\u00edlio alimenta\u00e7\u00e3o, que tinha ficado de fora da proposta anterior. Depois de assinada pelo governador Elmano de Freitas (PT), a proposta precisa ser aprovada pelos deputados.<\/p>\n\n\n\n<p>A corre\u00e7\u00e3o salarial dos servidores deve come\u00e7ar a ser aplicada na folha salarial de junho, paga em julho, com percentual de 3%. A partir da folha de agosto, que \u00e9 paga em setembro, os 2,8% restantes seriam acrescidos. J\u00e1 o retroativo de janeiro a maio deve ser pago de uma \u00fanica vez, no m\u00eas de dezembro.&nbsp;<br><\/p>\n\n\n\n<figure class=\"wp-block-image size-full\"><img loading=\"lazy\" decoding=\"async\" width=\"818\" height=\"460\" src=\"https:\/\/blogdorogeriogomes.com.br\/wp-content\/uploads\/2023\/05\/1_snapinsta_app_345682696_238344805449781_835280686361636298_n_1080-21916053.jpg\" alt=\"\" class=\"wp-image-29216\" srcset=\"https:\/\/blogdorogeriogomes.com.br\/noticias\/wp-content\/uploads\/2023\/05\/1_snapinsta_app_345682696_238344805449781_835280686361636298_n_1080-21916053.jpg 818w, https:\/\/blogdorogeriogomes.com.br\/noticias\/wp-content\/uploads\/2023\/05\/1_snapinsta_app_345682696_238344805449781_835280686361636298_n_1080-21916053-300x169.jpg 300w, https:\/\/blogdorogeriogomes.com.br\/noticias\/wp-content\/uploads\/2023\/05\/1_snapinsta_app_345682696_238344805449781_835280686361636298_n_1080-21916053-768x432.jpg 768w, https:\/\/blogdorogeriogomes.com.br\/noticias\/wp-content\/uploads\/2023\/05\/1_snapinsta_app_345682696_238344805449781_835280686361636298_n_1080-21916053-800x450.jpg 800w\" sizes=\"auto, (max-width: 818px) 100vw, 818px\" \/><\/figure>\n","protected":false},"excerpt":{"rendered":"<p>Ap\u00f3s reuni\u00e3o entre representantes dos servidores p\u00fablicos estaduais e o l\u00edder do Governo na Assembleia Legislativa, Romeu Aldigueri, nesta segunda-feira, dia 8 de maio, a proposta com o reajuste da categoria deve come\u00e7ar a tramitar nesta ter\u00e7a-feira, dia 9, no Legislativo Estadual. O aumento dos servidores deve ser de&nbsp;5,8% pagos de forma gradual. Na reuni\u00e3o com a categoria ficaram definidas mudan\u00e7as na proposta de reajuste. A negocia\u00e7\u00e3o incluiu a antecipa\u00e7\u00e3o de parte do reajuste retroativo a janeiro, al\u00e9m de&hellip;<\/p>\n","protected":false},"author":1,"featured_media":29216,"comment_status":"open","ping_status":"open","sticky":false,"template":"","format":"standard","meta":{"footnotes":""},"categories":[1],"tags":[],"class_list":["post-29215","post","type-post","status-publish","format-standard","has-post-thumbnail","hentry","category-noticias"],"_links":{"self":[{"href":"https:\/\/blogdorogeriogomes.com.br\/noticias\/wp-json\/wp\/v2\/posts\/29215","targetHints":{"allow":["GET"]}}],"collection":[{"href":"https:\/\/blogdorogeriogomes.com.br\/noticias\/wp-json\/wp\/v2\/posts"}],"about":[{"href":"https:\/\/blogdorogeriogomes.com.br\/noticias\/wp-json\/wp\/v2\/types\/post"}],"author":[{"embeddable":true,"href":"https:\/\/blogdorogeriogomes.com.br\/noticias\/wp-json\/wp\/v2\/users\/1"}],"replies":[{"embeddable":true,"href":"https:\/\/blogdorogeriogomes.com.br\/noticias\/wp-json\/wp\/v2\/comments?post=29215"}],"version-history":[{"count":2,"href":"https:\/\/blogdorogeriogomes.com.br\/noticias\/wp-json\/wp\/v2\/posts\/29215\/revisions"}],"predecessor-version":[{"id":29218,"href":"https:\/\/blogdorogeriogomes.com.br\/noticias\/wp-json\/wp\/v2\/posts\/29215\/revisions\/29218"}],"wp:featuredmedia":[{"embeddable":true,"href":"https:\/\/blogdorogeriogomes.com.br\/noticias\/wp-json\/wp\/v2\/media\/29216"}],"wp:attachment":[{"href":"https:\/\/blogdorogeriogomes.com.br\/noticias\/wp-json\/wp\/v2\/media?parent=29215"}],"wp:term":[{"taxonomy":"category","embeddable":true,"href":"https:\/\/blogdorogeriogomes.com.br\/noticias\/wp-json\/wp\/v2\/categories?post=29215"},{"taxonomy":"post_tag","embeddable":true,"href":"https:\/\/blogdorogeriogomes.com.br\/noticias\/wp-json\/wp\/v2\/tags?post=29215"}],"curies":[{"name":"wp","href":"https:\/\/api.w.org\/{rel}","templated":true}]}}