{"id":29219,"date":"2023-05-09T09:34:34","date_gmt":"2023-05-09T09:34:34","guid":{"rendered":"https:\/\/blogdorogeriogomes.com.br\/?p=29219"},"modified":"2023-05-10T12:02:56","modified_gmt":"2023-05-10T12:02:56","slug":"lula-reativa-programa-brasil-sorridente-que-garante-servico-odontologico-pelo-sus","status":"publish","type":"post","link":"https:\/\/blogdorogeriogomes.com.br\/noticias\/2023\/05\/lula-reativa-programa-brasil-sorridente-que-garante-servico-odontologico-pelo-sus\/","title":{"rendered":"Lula reativa Programa Brasil Sorridente que garante servi\u00e7o odontol\u00f3gico pelo SUS"},"content":{"rendered":"\n<p>O presidente Lula (PT) sancionou nesta segunda-feira, dia 8 de maio, em Bras\u00edlia, a lei que inclui a Pol\u00edtica Nacional de Sa\u00fade Bucal, tamb\u00e9m conhecida como Brasil Sorridente, na Lei Org\u00e2nica da Sa\u00fade. Conforme o projeto de lei n\u00ba 8131\/2017, o acesso a atendimento odontol\u00f3gico no Sistema \u00danico de Sa\u00fade (SUS) se torna obrigat\u00f3rio e a sa\u00fade bucal passa a ser um direito de todos os brasileiros, garantido por lei.<\/p>\n\n\n\n<p>Durante cerim\u00f4nia, no Pal\u00e1cio do Planalto, Lula destacou que a promo\u00e7\u00e3o \u00e0 sa\u00fade bucal passa pelo acesso aos demais servi\u00e7os e deve come\u00e7ar na escola, com educa\u00e7\u00e3o e, inclusive, atua\u00e7\u00e3o de dentistas em sala de aula.<\/p>\n\n\n\n<figure class=\"wp-block-image size-large\"><img loading=\"lazy\" decoding=\"async\" width=\"1024\" height=\"575\" src=\"https:\/\/blogdorogeriogomes.com.br\/wp-content\/uploads\/2023\/05\/brasil-sorridente_-1024x575.jpg\" alt=\"\" class=\"wp-image-29220\" srcset=\"https:\/\/blogdorogeriogomes.com.br\/noticias\/wp-content\/uploads\/2023\/05\/brasil-sorridente_-1024x575.jpg 1024w, https:\/\/blogdorogeriogomes.com.br\/noticias\/wp-content\/uploads\/2023\/05\/brasil-sorridente_-300x168.jpg 300w, https:\/\/blogdorogeriogomes.com.br\/noticias\/wp-content\/uploads\/2023\/05\/brasil-sorridente_-768x431.jpg 768w, https:\/\/blogdorogeriogomes.com.br\/noticias\/wp-content\/uploads\/2023\/05\/brasil-sorridente_-800x449.jpg 800w, https:\/\/blogdorogeriogomes.com.br\/noticias\/wp-content\/uploads\/2023\/05\/brasil-sorridente_.jpg 1079w\" sizes=\"auto, (max-width: 1024px) 100vw, 1024px\" \/><\/figure>\n","protected":false},"excerpt":{"rendered":"<p>O presidente Lula (PT) sancionou nesta segunda-feira, dia 8 de maio, em Bras\u00edlia, a lei que inclui a Pol\u00edtica Nacional de Sa\u00fade Bucal, tamb\u00e9m conhecida como Brasil Sorridente, na Lei Org\u00e2nica da Sa\u00fade. Conforme o projeto de lei n\u00ba 8131\/2017, o acesso a atendimento odontol\u00f3gico no Sistema \u00danico de Sa\u00fade (SUS) se torna obrigat\u00f3rio e a sa\u00fade bucal passa a ser um direito de todos os brasileiros, garantido por lei. Durante cerim\u00f4nia, no Pal\u00e1cio do Planalto, Lula destacou que&hellip;<\/p>\n","protected":false},"author":1,"featured_media":29220,"comment_status":"open","ping_status":"open","sticky":false,"template":"","format":"standard","meta":{"footnotes":""},"categories":[1],"tags":[],"class_list":["post-29219","post","type-post","status-publish","format-standard","has-post-thumbnail","hentry","category-noticias"],"_links":{"self":[{"href":"https:\/\/blogdorogeriogomes.com.br\/noticias\/wp-json\/wp\/v2\/posts\/29219","targetHints":{"allow":["GET"]}}],"collection":[{"href":"https:\/\/blogdorogeriogomes.com.br\/noticias\/wp-json\/wp\/v2\/posts"}],"about":[{"href":"https:\/\/blogdorogeriogomes.com.br\/noticias\/wp-json\/wp\/v2\/types\/post"}],"author":[{"embeddable":true,"href":"https:\/\/blogdorogeriogomes.com.br\/noticias\/wp-json\/wp\/v2\/users\/1"}],"replies":[{"embeddable":true,"href":"https:\/\/blogdorogeriogomes.com.br\/noticias\/wp-json\/wp\/v2\/comments?post=29219"}],"version-history":[{"count":1,"href":"https:\/\/blogdorogeriogomes.com.br\/noticias\/wp-json\/wp\/v2\/posts\/29219\/revisions"}],"predecessor-version":[{"id":29221,"href":"https:\/\/blogdorogeriogomes.com.br\/noticias\/wp-json\/wp\/v2\/posts\/29219\/revisions\/29221"}],"wp:featuredmedia":[{"embeddable":true,"href":"https:\/\/blogdorogeriogomes.com.br\/noticias\/wp-json\/wp\/v2\/media\/29220"}],"wp:attachment":[{"href":"https:\/\/blogdorogeriogomes.com.br\/noticias\/wp-json\/wp\/v2\/media?parent=29219"}],"wp:term":[{"taxonomy":"category","embeddable":true,"href":"https:\/\/blogdorogeriogomes.com.br\/noticias\/wp-json\/wp\/v2\/categories?post=29219"},{"taxonomy":"post_tag","embeddable":true,"href":"https:\/\/blogdorogeriogomes.com.br\/noticias\/wp-json\/wp\/v2\/tags?post=29219"}],"curies":[{"name":"wp","href":"https:\/\/api.w.org\/{rel}","templated":true}]}}