{"id":29222,"date":"2023-05-09T09:50:55","date_gmt":"2023-05-09T09:50:55","guid":{"rendered":"https:\/\/blogdorogeriogomes.com.br\/?p=29222"},"modified":"2023-05-10T12:02:36","modified_gmt":"2023-05-10T12:02:36","slug":"ministros-do-stf-votam-para-tornar-reus-mais-250-pessoas-por-atos-golpistas-em-brasilia-ja-sao-550-que-vao-a-julgamento","status":"publish","type":"post","link":"https:\/\/blogdorogeriogomes.com.br\/noticias\/2023\/05\/ministros-do-stf-votam-para-tornar-reus-mais-250-pessoas-por-atos-golpistas-em-brasilia-ja-sao-550-que-vao-a-julgamento\/","title":{"rendered":"Ministros do STF votam para tornar r\u00e9us mais 250 pessoas por atos golpistas em Bras\u00edlia. J\u00e1 s\u00e3o 550 que v\u00e3o a julgamento"},"content":{"rendered":"\n<p>Os ministros do Supremo Tribunal Federal (STF) decidiram nesta segunda-feira, dia 8 de maio, tornar r\u00e9us mais 250 acusados de participa\u00e7\u00e3o nos atos golpistas de 8 de janeiro, quando foram depredadas as sedes do tribunal, do Pal\u00e1cio do Planalto e do Congresso Nacional.<\/p>\n\n\n\n<p>Com o encerramento de mais um bloco de julgamentos, at\u00e9 o momento, o Supremo decidiu pela abertura de a\u00e7\u00f5es penais contra&nbsp;550 pessoas acusadas&nbsp;de participa\u00e7\u00e3o nos atos antidemocr\u00e1ticos.<\/p>\n\n\n\n<p>Desde o ataque, a Procuradoria Geral da Rep\u00fablica j\u00e1 denunciou 1.390 pessoas por atos antidemocr\u00e1ticos, sendo 239 no n\u00facleo dos executores, 1.150 no n\u00facleo dos incitadores e uma pessoa no n\u00facleo que investiga suposta omiss\u00e3o de agentes p\u00fablicos.<\/p>\n\n\n\n<figure class=\"wp-block-image size-full\"><img loading=\"lazy\" decoding=\"async\" width=\"678\" height=\"452\" src=\"https:\/\/blogdorogeriogomes.com.br\/wp-content\/uploads\/2023\/05\/images-23.jpeg\" alt=\"\" class=\"wp-image-29223\" srcset=\"https:\/\/blogdorogeriogomes.com.br\/noticias\/wp-content\/uploads\/2023\/05\/images-23.jpeg 678w, https:\/\/blogdorogeriogomes.com.br\/noticias\/wp-content\/uploads\/2023\/05\/images-23-300x200.jpeg 300w\" sizes=\"auto, (max-width: 678px) 100vw, 678px\" \/><\/figure>\n","protected":false},"excerpt":{"rendered":"<p>Os ministros do Supremo Tribunal Federal (STF) decidiram nesta segunda-feira, dia 8 de maio, tornar r\u00e9us mais 250 acusados de participa\u00e7\u00e3o nos atos golpistas de 8 de janeiro, quando foram depredadas as sedes do tribunal, do Pal\u00e1cio do Planalto e do Congresso Nacional. Com o encerramento de mais um bloco de julgamentos, at\u00e9 o momento, o Supremo decidiu pela abertura de a\u00e7\u00f5es penais contra&nbsp;550 pessoas acusadas&nbsp;de participa\u00e7\u00e3o nos atos antidemocr\u00e1ticos. Desde o ataque, a Procuradoria Geral da Rep\u00fablica j\u00e1&hellip;<\/p>\n","protected":false},"author":1,"featured_media":29223,"comment_status":"open","ping_status":"open","sticky":false,"template":"","format":"standard","meta":{"footnotes":""},"categories":[1],"tags":[],"class_list":["post-29222","post","type-post","status-publish","format-standard","has-post-thumbnail","hentry","category-noticias"],"_links":{"self":[{"href":"https:\/\/blogdorogeriogomes.com.br\/noticias\/wp-json\/wp\/v2\/posts\/29222","targetHints":{"allow":["GET"]}}],"collection":[{"href":"https:\/\/blogdorogeriogomes.com.br\/noticias\/wp-json\/wp\/v2\/posts"}],"about":[{"href":"https:\/\/blogdorogeriogomes.com.br\/noticias\/wp-json\/wp\/v2\/types\/post"}],"author":[{"embeddable":true,"href":"https:\/\/blogdorogeriogomes.com.br\/noticias\/wp-json\/wp\/v2\/users\/1"}],"replies":[{"embeddable":true,"href":"https:\/\/blogdorogeriogomes.com.br\/noticias\/wp-json\/wp\/v2\/comments?post=29222"}],"version-history":[{"count":2,"href":"https:\/\/blogdorogeriogomes.com.br\/noticias\/wp-json\/wp\/v2\/posts\/29222\/revisions"}],"predecessor-version":[{"id":29235,"href":"https:\/\/blogdorogeriogomes.com.br\/noticias\/wp-json\/wp\/v2\/posts\/29222\/revisions\/29235"}],"wp:featuredmedia":[{"embeddable":true,"href":"https:\/\/blogdorogeriogomes.com.br\/noticias\/wp-json\/wp\/v2\/media\/29223"}],"wp:attachment":[{"href":"https:\/\/blogdorogeriogomes.com.br\/noticias\/wp-json\/wp\/v2\/media?parent=29222"}],"wp:term":[{"taxonomy":"category","embeddable":true,"href":"https:\/\/blogdorogeriogomes.com.br\/noticias\/wp-json\/wp\/v2\/categories?post=29222"},{"taxonomy":"post_tag","embeddable":true,"href":"https:\/\/blogdorogeriogomes.com.br\/noticias\/wp-json\/wp\/v2\/tags?post=29222"}],"curies":[{"name":"wp","href":"https:\/\/api.w.org\/{rel}","templated":true}]}}