{"id":29225,"date":"2023-05-09T23:14:08","date_gmt":"2023-05-09T23:14:08","guid":{"rendered":"https:\/\/blogdorogeriogomes.com.br\/?p=29225"},"modified":"2023-05-10T12:02:25","modified_gmt":"2023-05-10T12:02:25","slug":"assembleia-legislativa-aprova-reajuste-dos-servidores-publicos-estaduais-em-58","status":"publish","type":"post","link":"https:\/\/blogdorogeriogomes.com.br\/noticias\/2023\/05\/assembleia-legislativa-aprova-reajuste-dos-servidores-publicos-estaduais-em-58\/","title":{"rendered":"Assembleia Legislativa aprova reajuste dos servidores p\u00fablicos estaduais em 5,8%"},"content":{"rendered":"\n<p>A Assembleia Legislativa do Cear\u00e1 aprovou nesta ter\u00e7a-feira, dia 9 de maio, projeto de lei do Poder Executivo que promove a revis\u00e3o geral da remunera\u00e7\u00e3o de todos os servidores p\u00fablicos e militares do Poder Executivo, das Autarquias e das Funda\u00e7\u00f5es P\u00fablicas Estaduais. Foram votados e aprovados na mesma sess\u00e3o mais tr\u00eas projetos do Executivo. O projeto prev\u00ea uma revis\u00e3o geral de todos os servidores p\u00fablicos e os militares do Executivo, de suas Autarquias e Funda\u00e7\u00f5es, sendo o percentual total de revis\u00e3o de 5,8%, referente \u00e0 infla\u00e7\u00e3o do exerc\u00edcio de 2022 (IPCA). <\/p>\n\n\n\n<p>Tamb\u00e9m de autoria do Poder Executivo, foi aprovado o projeto de lei que altera a Lei n.\u00ba 17.533, de 22 de junho de 2021, dispondo sobre a Pol\u00edtica de Regulariza\u00e7\u00e3o Fundi\u00e1ria Rural no Estado do Cear\u00e1. A altera\u00e7\u00e3o da legisla\u00e7\u00e3o prev\u00ea, em um primeiro ponto, a possibilidade de o Estado, por seu \u00f3rg\u00e3o competente, celebrar, nos termos da legisla\u00e7\u00e3o, conv\u00eanio com munic\u00edpio para a transfer\u00eancia de recursos visando \u00e0 implanta\u00e7\u00e3o de projeto local de relevante interesse social, por meio da regulariza\u00e7\u00e3o fundi\u00e1ria, a qual observar\u00e1 as condi\u00e7\u00f5es estabelecidas no instrumento de parceria.<\/p>\n\n\n\n<p>Outro projeto de lei aprovado do Poder Executivo disp\u00f5e sobre a organiza\u00e7\u00e3o do Sistema Estadual de Defesa do Consumidor, criando a Superintend\u00eancia Estadual de Defesa do Consumidor (Procon Cear\u00e1), o Conselho Estadual de Defesa do Consumidor (CEDC) e a Comiss\u00e3o Permanente de Normatiza\u00e7\u00e3o no \u00e2mbito do Estado. <\/p>\n\n\n\n<p>Outro projeto do Executivo aprovado trata do Imposto sobre Circula\u00e7\u00e3o de Mercadorias e Sobre Presta\u00e7\u00f5es de Servi\u00e7os (ICMS). A mat\u00e9ria possibilita a delega\u00e7\u00e3o para outras autoridades da Administra\u00e7\u00e3o Tribut\u00e1ria da compet\u00eancia para autorizar a restitui\u00e7\u00e3o do ICMS recolhido indevidamente, independentemente do valor da restitui\u00e7\u00e3o, de modo a conferir maior celeridade ao atendimento dos pleitos apresentados pelos contribuintes. O projeto tamb\u00e9m trata da adequa\u00e7\u00e3o das al\u00edquotas do ICMS sobre diesel, biodiesel, g\u00e1s liquefeito de petr\u00f3leo e g\u00e1s liquefeito de g\u00e1s natural, mantendo ainda o benef\u00edcio fiscal disposto em lei estadual.<\/p>\n\n\n\n<figure class=\"wp-block-image size-large\"><img loading=\"lazy\" decoding=\"async\" width=\"1024\" height=\"683\" src=\"https:\/\/blogdorogeriogomes.com.br\/wp-content\/uploads\/2023\/05\/IMG-20230509-WA0151-1024x683.jpg\" alt=\"\" class=\"wp-image-29226\" srcset=\"https:\/\/blogdorogeriogomes.com.br\/noticias\/wp-content\/uploads\/2023\/05\/IMG-20230509-WA0151-1024x683.jpg 1024w, https:\/\/blogdorogeriogomes.com.br\/noticias\/wp-content\/uploads\/2023\/05\/IMG-20230509-WA0151-300x200.jpg 300w, https:\/\/blogdorogeriogomes.com.br\/noticias\/wp-content\/uploads\/2023\/05\/IMG-20230509-WA0151-768x512.jpg 768w, https:\/\/blogdorogeriogomes.com.br\/noticias\/wp-content\/uploads\/2023\/05\/IMG-20230509-WA0151-800x533.jpg 800w, https:\/\/blogdorogeriogomes.com.br\/noticias\/wp-content\/uploads\/2023\/05\/IMG-20230509-WA0151.jpg 1296w\" sizes=\"auto, (max-width: 1024px) 100vw, 1024px\" \/><\/figure>\n","protected":false},"excerpt":{"rendered":"<p>A Assembleia Legislativa do Cear\u00e1 aprovou nesta ter\u00e7a-feira, dia 9 de maio, projeto de lei do Poder Executivo que promove a revis\u00e3o geral da remunera\u00e7\u00e3o de todos os servidores p\u00fablicos e militares do Poder Executivo, das Autarquias e das Funda\u00e7\u00f5es P\u00fablicas Estaduais. Foram votados e aprovados na mesma sess\u00e3o mais tr\u00eas projetos do Executivo. O projeto prev\u00ea uma revis\u00e3o geral de todos os servidores p\u00fablicos e os militares do Executivo, de suas Autarquias e Funda\u00e7\u00f5es, sendo o percentual total&hellip;<\/p>\n","protected":false},"author":1,"featured_media":29226,"comment_status":"open","ping_status":"open","sticky":false,"template":"","format":"standard","meta":{"footnotes":""},"categories":[1],"tags":[],"class_list":["post-29225","post","type-post","status-publish","format-standard","has-post-thumbnail","hentry","category-noticias"],"_links":{"self":[{"href":"https:\/\/blogdorogeriogomes.com.br\/noticias\/wp-json\/wp\/v2\/posts\/29225","targetHints":{"allow":["GET"]}}],"collection":[{"href":"https:\/\/blogdorogeriogomes.com.br\/noticias\/wp-json\/wp\/v2\/posts"}],"about":[{"href":"https:\/\/blogdorogeriogomes.com.br\/noticias\/wp-json\/wp\/v2\/types\/post"}],"author":[{"embeddable":true,"href":"https:\/\/blogdorogeriogomes.com.br\/noticias\/wp-json\/wp\/v2\/users\/1"}],"replies":[{"embeddable":true,"href":"https:\/\/blogdorogeriogomes.com.br\/noticias\/wp-json\/wp\/v2\/comments?post=29225"}],"version-history":[{"count":1,"href":"https:\/\/blogdorogeriogomes.com.br\/noticias\/wp-json\/wp\/v2\/posts\/29225\/revisions"}],"predecessor-version":[{"id":29227,"href":"https:\/\/blogdorogeriogomes.com.br\/noticias\/wp-json\/wp\/v2\/posts\/29225\/revisions\/29227"}],"wp:featuredmedia":[{"embeddable":true,"href":"https:\/\/blogdorogeriogomes.com.br\/noticias\/wp-json\/wp\/v2\/media\/29226"}],"wp:attachment":[{"href":"https:\/\/blogdorogeriogomes.com.br\/noticias\/wp-json\/wp\/v2\/media?parent=29225"}],"wp:term":[{"taxonomy":"category","embeddable":true,"href":"https:\/\/blogdorogeriogomes.com.br\/noticias\/wp-json\/wp\/v2\/categories?post=29225"},{"taxonomy":"post_tag","embeddable":true,"href":"https:\/\/blogdorogeriogomes.com.br\/noticias\/wp-json\/wp\/v2\/tags?post=29225"}],"curies":[{"name":"wp","href":"https:\/\/api.w.org\/{rel}","templated":true}]}}