{"id":29228,"date":"2023-05-09T23:34:30","date_gmt":"2023-05-09T23:34:30","guid":{"rendered":"https:\/\/blogdorogeriogomes.com.br\/?p=29228"},"modified":"2023-05-10T12:02:16","modified_gmt":"2023-05-10T12:02:16","slug":"elmano-de-freitas-cumpre-agenda-em-brasilia-com-visita-a-ministerios","status":"publish","type":"post","link":"https:\/\/blogdorogeriogomes.com.br\/noticias\/2023\/05\/elmano-de-freitas-cumpre-agenda-em-brasilia-com-visita-a-ministerios\/","title":{"rendered":"Elmano de Freitas cumpre agenda em Bras\u00edlia com visita a minist\u00e9rios"},"content":{"rendered":"\n<p>O governador do Cear\u00e1, Elmano de Freitas (PT), cumpriu agenda nesta ter\u00e7a-feira, dia 9 de maio, em Bras\u00edlia, com visita a v\u00e1rios minist\u00e9rios. Elmano esteve com a secret\u00e1ria-executiva da Casa Civil, Miriam Belchior, conversando sobre as obras do Cear\u00e1 que receber\u00e3o recursos do Plano Plurianual Participativo (PPA) e do novo Programa de Acelera\u00e7\u00e3o do Crescimento (PAC), do presidente Lula. As interven\u00e7\u00f5es ser\u00e3o nas \u00e1reas de infraestrutura, educa\u00e7\u00e3o e sa\u00fade para o Cear\u00e1.<\/p>\n\n\n\n<p>Elmano de Freitas se reuniu com o ministro dos Transportes, Renan Filho, e o secret\u00e1rio de Obras P\u00fablicas (SOP), Quintino Vieira. Na pauta do encontro, as obras do Anel Vi\u00e1rio e o projeto de duplica\u00e7\u00e3o da BR no trecho entre Pacajus e Boqueir\u00e3o do Ces\u00e1rio (Beberibe).<\/p>\n\n\n\n<p>O governador cearense ainda esteve com o secret\u00e1rio extraordin\u00e1rio da reforma tribut\u00e1ria do Minist\u00e9rio da Fazenda, Bernard Appy. No reuni\u00e3o foi tratado os incentivos fiscais para atrair empreendimentos de energias renov\u00e1veis no Cear\u00e1. &#8220;O objetivo \u00e9 gerar mais empregos para os cearenses e fomentar ainda mais o desenvolvimento do nosso estado&#8221;, disse Elmano.<\/p>\n\n\n\n<figure class=\"wp-block-image size-large\"><img loading=\"lazy\" decoding=\"async\" width=\"1024\" height=\"740\" src=\"https:\/\/blogdorogeriogomes.com.br\/wp-content\/uploads\/2023\/05\/IMG-20230509-WA0171-1024x740.jpg\" alt=\"\" class=\"wp-image-29229\" srcset=\"https:\/\/blogdorogeriogomes.com.br\/noticias\/wp-content\/uploads\/2023\/05\/IMG-20230509-WA0171-1024x740.jpg 1024w, https:\/\/blogdorogeriogomes.com.br\/noticias\/wp-content\/uploads\/2023\/05\/IMG-20230509-WA0171-300x217.jpg 300w, https:\/\/blogdorogeriogomes.com.br\/noticias\/wp-content\/uploads\/2023\/05\/IMG-20230509-WA0171-768x555.jpg 768w, https:\/\/blogdorogeriogomes.com.br\/noticias\/wp-content\/uploads\/2023\/05\/IMG-20230509-WA0171-800x578.jpg 800w, https:\/\/blogdorogeriogomes.com.br\/noticias\/wp-content\/uploads\/2023\/05\/IMG-20230509-WA0171.jpg 1080w\" sizes=\"auto, (max-width: 1024px) 100vw, 1024px\" \/><\/figure>\n\n\n\n<p><\/p>\n","protected":false},"excerpt":{"rendered":"<p>O governador do Cear\u00e1, Elmano de Freitas (PT), cumpriu agenda nesta ter\u00e7a-feira, dia 9 de maio, em Bras\u00edlia, com visita a v\u00e1rios minist\u00e9rios. Elmano esteve com a secret\u00e1ria-executiva da Casa Civil, Miriam Belchior, conversando sobre as obras do Cear\u00e1 que receber\u00e3o recursos do Plano Plurianual Participativo (PPA) e do novo Programa de Acelera\u00e7\u00e3o do Crescimento (PAC), do presidente Lula. As interven\u00e7\u00f5es ser\u00e3o nas \u00e1reas de infraestrutura, educa\u00e7\u00e3o e sa\u00fade para o Cear\u00e1. Elmano de Freitas se reuniu com o&hellip;<\/p>\n","protected":false},"author":1,"featured_media":29229,"comment_status":"open","ping_status":"open","sticky":false,"template":"","format":"standard","meta":{"footnotes":""},"categories":[1],"tags":[],"class_list":["post-29228","post","type-post","status-publish","format-standard","has-post-thumbnail","hentry","category-noticias"],"_links":{"self":[{"href":"https:\/\/blogdorogeriogomes.com.br\/noticias\/wp-json\/wp\/v2\/posts\/29228","targetHints":{"allow":["GET"]}}],"collection":[{"href":"https:\/\/blogdorogeriogomes.com.br\/noticias\/wp-json\/wp\/v2\/posts"}],"about":[{"href":"https:\/\/blogdorogeriogomes.com.br\/noticias\/wp-json\/wp\/v2\/types\/post"}],"author":[{"embeddable":true,"href":"https:\/\/blogdorogeriogomes.com.br\/noticias\/wp-json\/wp\/v2\/users\/1"}],"replies":[{"embeddable":true,"href":"https:\/\/blogdorogeriogomes.com.br\/noticias\/wp-json\/wp\/v2\/comments?post=29228"}],"version-history":[{"count":1,"href":"https:\/\/blogdorogeriogomes.com.br\/noticias\/wp-json\/wp\/v2\/posts\/29228\/revisions"}],"predecessor-version":[{"id":29230,"href":"https:\/\/blogdorogeriogomes.com.br\/noticias\/wp-json\/wp\/v2\/posts\/29228\/revisions\/29230"}],"wp:featuredmedia":[{"embeddable":true,"href":"https:\/\/blogdorogeriogomes.com.br\/noticias\/wp-json\/wp\/v2\/media\/29229"}],"wp:attachment":[{"href":"https:\/\/blogdorogeriogomes.com.br\/noticias\/wp-json\/wp\/v2\/media?parent=29228"}],"wp:term":[{"taxonomy":"category","embeddable":true,"href":"https:\/\/blogdorogeriogomes.com.br\/noticias\/wp-json\/wp\/v2\/categories?post=29228"},{"taxonomy":"post_tag","embeddable":true,"href":"https:\/\/blogdorogeriogomes.com.br\/noticias\/wp-json\/wp\/v2\/tags?post=29228"}],"curies":[{"name":"wp","href":"https:\/\/api.w.org\/{rel}","templated":true}]}}