{"id":29231,"date":"2023-05-10T10:20:54","date_gmt":"2023-05-10T10:20:54","guid":{"rendered":"https:\/\/blogdorogeriogomes.com.br\/?p=29231"},"modified":"2023-05-10T12:02:06","modified_gmt":"2023-05-10T12:02:06","slug":"autoridades-do-pais-reagem-apos-mensagem-disparada-pelo-telegrama-contra-pl-das-fake-news","status":"publish","type":"post","link":"https:\/\/blogdorogeriogomes.com.br\/noticias\/2023\/05\/autoridades-do-pais-reagem-apos-mensagem-disparada-pelo-telegrama-contra-pl-das-fake-news\/","title":{"rendered":"Autoridades do Pa\u00eds reagem ap\u00f3s mensagem disparada pelo Telegram contra PL das Fake News"},"content":{"rendered":"\n<p>Mais uma big tech resolveu entrar na briga direta contra a PL das Fake News que est\u00e1 em debate no Congresso Nacional. Nesta ter\u00e7a-feira, dia 9 de maio, o Telegram disparou mensagem aos usu\u00e1rios se declaram contra a regula\u00e7\u00e3o das plataformas da internet e alegando que a PL prev\u00ea censura, o que n\u00e3o est\u00e1 previsto no projeto em discuss\u00e3o.<\/p>\n\n\n\n<p>A rea\u00e7\u00e3o das autoridades brasileiras foi imediata. O Minist\u00e9rio P\u00fablico Federal deu prazo de 10 dias para o Telegram explicar quem foi o respons\u00e1vel pela mensagem. Of\u00edcio do MPF solicita os nomes e endere\u00e7os eletr\u00f4nicos dos respons\u00e1veis dentro do Telegram pela elabora\u00e7\u00e3o da mensagem e autoriza\u00e7\u00e3o do seu impulsionamento.<\/p>\n\n\n\n<p>O ministro da Justi\u00e7a e Seguran\u00e7a P\u00fablica, Fl\u00e1vio Dino, afirmou que provid\u00eancias legais ser\u00e3o tomadas em rela\u00e7\u00e3o ao Telegram.&nbsp;\u201cA democracia est\u00e1 sob ataque no Brasil. Assim come\u00e7a um amontoado absurdo postado pela empresa Telegram contra as institui\u00e7\u00f5es brasileiras. O que pretendem? Provocar um outro 8 de janeiro?&#8221;, questionou Dino.<\/p>\n\n\n\n<p>O l\u00edder do governo no Congresso, senador Randolfe Rodrigues, protocolou ainda nesta ter\u00e7a-feira no STF peti\u00e7\u00e3o sobre os ataques do Telegram ao PL 2630. Randolfe diz que o Telegram utilizou sua plataforma para manipular a opini\u00e3o p\u00fablica a favor de seus interesses.&nbsp;<\/p>\n\n\n\n<figure class=\"wp-block-image size-full\"><img loading=\"lazy\" decoding=\"async\" width=\"615\" height=\"346\" src=\"https:\/\/blogdorogeriogomes.com.br\/wp-content\/uploads\/2023\/05\/images-24.jpeg\" alt=\"\" class=\"wp-image-29232\" srcset=\"https:\/\/blogdorogeriogomes.com.br\/noticias\/wp-content\/uploads\/2023\/05\/images-24.jpeg 615w, https:\/\/blogdorogeriogomes.com.br\/noticias\/wp-content\/uploads\/2023\/05\/images-24-300x169.jpeg 300w\" sizes=\"auto, (max-width: 615px) 100vw, 615px\" \/><\/figure>\n","protected":false},"excerpt":{"rendered":"<p>Mais uma big tech resolveu entrar na briga direta contra a PL das Fake News que est\u00e1 em debate no Congresso Nacional. Nesta ter\u00e7a-feira, dia 9 de maio, o Telegram disparou mensagem aos usu\u00e1rios se declaram contra a regula\u00e7\u00e3o das plataformas da internet e alegando que a PL prev\u00ea censura, o que n\u00e3o est\u00e1 previsto no projeto em discuss\u00e3o. A rea\u00e7\u00e3o das autoridades brasileiras foi imediata. O Minist\u00e9rio P\u00fablico Federal deu prazo de 10 dias para o Telegram explicar&hellip;<\/p>\n","protected":false},"author":1,"featured_media":29232,"comment_status":"open","ping_status":"open","sticky":false,"template":"","format":"standard","meta":{"footnotes":""},"categories":[1],"tags":[],"class_list":["post-29231","post","type-post","status-publish","format-standard","has-post-thumbnail","hentry","category-noticias"],"_links":{"self":[{"href":"https:\/\/blogdorogeriogomes.com.br\/noticias\/wp-json\/wp\/v2\/posts\/29231","targetHints":{"allow":["GET"]}}],"collection":[{"href":"https:\/\/blogdorogeriogomes.com.br\/noticias\/wp-json\/wp\/v2\/posts"}],"about":[{"href":"https:\/\/blogdorogeriogomes.com.br\/noticias\/wp-json\/wp\/v2\/types\/post"}],"author":[{"embeddable":true,"href":"https:\/\/blogdorogeriogomes.com.br\/noticias\/wp-json\/wp\/v2\/users\/1"}],"replies":[{"embeddable":true,"href":"https:\/\/blogdorogeriogomes.com.br\/noticias\/wp-json\/wp\/v2\/comments?post=29231"}],"version-history":[{"count":2,"href":"https:\/\/blogdorogeriogomes.com.br\/noticias\/wp-json\/wp\/v2\/posts\/29231\/revisions"}],"predecessor-version":[{"id":29234,"href":"https:\/\/blogdorogeriogomes.com.br\/noticias\/wp-json\/wp\/v2\/posts\/29231\/revisions\/29234"}],"wp:featuredmedia":[{"embeddable":true,"href":"https:\/\/blogdorogeriogomes.com.br\/noticias\/wp-json\/wp\/v2\/media\/29232"}],"wp:attachment":[{"href":"https:\/\/blogdorogeriogomes.com.br\/noticias\/wp-json\/wp\/v2\/media?parent=29231"}],"wp:term":[{"taxonomy":"category","embeddable":true,"href":"https:\/\/blogdorogeriogomes.com.br\/noticias\/wp-json\/wp\/v2\/categories?post=29231"},{"taxonomy":"post_tag","embeddable":true,"href":"https:\/\/blogdorogeriogomes.com.br\/noticias\/wp-json\/wp\/v2\/tags?post=29231"}],"curies":[{"name":"wp","href":"https:\/\/api.w.org\/{rel}","templated":true}]}}