{"id":29236,"date":"2023-05-11T00:42:35","date_gmt":"2023-05-11T00:42:35","guid":{"rendered":"https:\/\/blogdorogeriogomes.com.br\/?p=29236"},"modified":"2023-05-11T11:36:05","modified_gmt":"2023-05-11T11:36:05","slug":"stf-anula-decreto-de-bolsonaro-que-suspendeu-condenacao-de-daniel-silveira","status":"publish","type":"post","link":"https:\/\/blogdorogeriogomes.com.br\/noticias\/2023\/05\/stf-anula-decreto-de-bolsonaro-que-suspendeu-condenacao-de-daniel-silveira\/","title":{"rendered":"STF anula decreto de Bolsonaro que suspendeu condena\u00e7\u00e3o de Daniel Silveira"},"content":{"rendered":"\n<p>O Supremo Tribunal Federal (STF) derrubou nesta quarta-feira, dia 10 de maio, a validade do indulto de gra\u00e7a constitucional concedido pelo ent\u00e3o presidente Jair Bolsonaro ao ex-deputado federal Daniel Silveira.<\/p>\n\n\n\n<p>Por votos 8 votos a 2, a Corte entendeu que o decreto \u00e9 inconstitucional por desvio de finalidade de Bolsonaro para beneficiar Silveira.<\/p>\n\n\n\n<p>Com a decis\u00e3o, fica restabelecida a condena\u00e7\u00e3o do pol\u00edtico pelo STF a oito&nbsp;anos e nove&nbsp;meses de pris\u00e3o pelos crimes de tentativa de impedir o livre exerc\u00edcio dos poderes e coa\u00e7\u00e3o no curso do processo a que responde por ataques \u00e0 Corte.<br><\/p>\n\n\n\n<figure class=\"wp-block-image size-full\"><img loading=\"lazy\" decoding=\"async\" width=\"679\" height=\"452\" src=\"https:\/\/blogdorogeriogomes.com.br\/wp-content\/uploads\/2023\/05\/images.jpeg\" alt=\"\" class=\"wp-image-29237\" srcset=\"https:\/\/blogdorogeriogomes.com.br\/noticias\/wp-content\/uploads\/2023\/05\/images.jpeg 679w, https:\/\/blogdorogeriogomes.com.br\/noticias\/wp-content\/uploads\/2023\/05\/images-300x200.jpeg 300w\" sizes=\"auto, (max-width: 679px) 100vw, 679px\" \/><\/figure>\n","protected":false},"excerpt":{"rendered":"<p>O Supremo Tribunal Federal (STF) derrubou nesta quarta-feira, dia 10 de maio, a validade do indulto de gra\u00e7a constitucional concedido pelo ent\u00e3o presidente Jair Bolsonaro ao ex-deputado federal Daniel Silveira. Por votos 8 votos a 2, a Corte entendeu que o decreto \u00e9 inconstitucional por desvio de finalidade de Bolsonaro para beneficiar Silveira. Com a decis\u00e3o, fica restabelecida a condena\u00e7\u00e3o do pol\u00edtico pelo STF a oito&nbsp;anos e nove&nbsp;meses de pris\u00e3o pelos crimes de tentativa de impedir o livre exerc\u00edcio&hellip;<\/p>\n","protected":false},"author":1,"featured_media":29237,"comment_status":"open","ping_status":"open","sticky":false,"template":"","format":"standard","meta":{"footnotes":""},"categories":[1],"tags":[],"class_list":["post-29236","post","type-post","status-publish","format-standard","has-post-thumbnail","hentry","category-noticias"],"_links":{"self":[{"href":"https:\/\/blogdorogeriogomes.com.br\/noticias\/wp-json\/wp\/v2\/posts\/29236","targetHints":{"allow":["GET"]}}],"collection":[{"href":"https:\/\/blogdorogeriogomes.com.br\/noticias\/wp-json\/wp\/v2\/posts"}],"about":[{"href":"https:\/\/blogdorogeriogomes.com.br\/noticias\/wp-json\/wp\/v2\/types\/post"}],"author":[{"embeddable":true,"href":"https:\/\/blogdorogeriogomes.com.br\/noticias\/wp-json\/wp\/v2\/users\/1"}],"replies":[{"embeddable":true,"href":"https:\/\/blogdorogeriogomes.com.br\/noticias\/wp-json\/wp\/v2\/comments?post=29236"}],"version-history":[{"count":2,"href":"https:\/\/blogdorogeriogomes.com.br\/noticias\/wp-json\/wp\/v2\/posts\/29236\/revisions"}],"predecessor-version":[{"id":29252,"href":"https:\/\/blogdorogeriogomes.com.br\/noticias\/wp-json\/wp\/v2\/posts\/29236\/revisions\/29252"}],"wp:featuredmedia":[{"embeddable":true,"href":"https:\/\/blogdorogeriogomes.com.br\/noticias\/wp-json\/wp\/v2\/media\/29237"}],"wp:attachment":[{"href":"https:\/\/blogdorogeriogomes.com.br\/noticias\/wp-json\/wp\/v2\/media?parent=29236"}],"wp:term":[{"taxonomy":"category","embeddable":true,"href":"https:\/\/blogdorogeriogomes.com.br\/noticias\/wp-json\/wp\/v2\/categories?post=29236"},{"taxonomy":"post_tag","embeddable":true,"href":"https:\/\/blogdorogeriogomes.com.br\/noticias\/wp-json\/wp\/v2\/tags?post=29236"}],"curies":[{"name":"wp","href":"https:\/\/api.w.org\/{rel}","templated":true}]}}