{"id":29239,"date":"2023-05-11T00:52:40","date_gmt":"2023-05-11T00:52:40","guid":{"rendered":"https:\/\/blogdorogeriogomes.com.br\/?p=29239"},"modified":"2023-05-11T11:35:34","modified_gmt":"2023-05-11T11:35:34","slug":"quarta-do-camarao-e-lancada-em-evento-no-pirata-bar-para-incrementar-o-consumo-do-crustaceo-na-noite-de-fortaleza","status":"publish","type":"post","link":"https:\/\/blogdorogeriogomes.com.br\/noticias\/2023\/05\/quarta-do-camarao-e-lancada-em-evento-no-pirata-bar-para-incrementar-o-consumo-do-crustaceo-na-noite-de-fortaleza\/","title":{"rendered":"&#8220;Quarta do Camar\u00e3o&#8221; \u00e9 lan\u00e7ada em evento no Pirata Bar para incrementar o consumo do crust\u00e1ceo na noite de Fortaleza"},"content":{"rendered":"\n<p>O Pirata Bar, na Praia de Iracema, recebeu nesta quarta-feira , dia 10 de maio, o lan\u00e7amento da Quarta do Camar\u00e3o, que tem o objetivo de criar uma nova data gastron\u00f4mica para a noite de Fortaleza. A ideia \u00e9 potencializar o h\u00e1bito de consumo do crust\u00e1ceo e fortalecer os neg\u00f3cios na capital.<\/p>\n\n\n\n<p>A festa de lan\u00e7amento teve a realiza\u00e7\u00e3o do Sebrae e Associa\u00e7\u00e3o dos Produtores de Camar\u00e3o do Cear\u00e1, com o apoio da Abrasel, Copacam, Secret\u00e1ria de Turismo de Fortaleza e Faec.<\/p>\n\n\n\n<p>\u201c\u00c9 uma excelente oportunidade para que o camar\u00e3o ganhe ainda mais notoriedade e possa fazer parte com mais const\u00e2ncia tanto do turismo gastron\u00f4mico de Fortaleza, quanto do cotidiano alimentar da popula\u00e7\u00e3o\u201d, ressalta Luiz Paulo Sampaio Henriques, presidente da APCC.<\/p>\n\n\n\n<p>\u201cNosso objetivo \u00e9 poder realizar novas formas de proporcionar uma experi\u00eancia diferente aos clientes, n\u00e3o s\u00f3 os que j\u00e1 s\u00e3o do Cear\u00e1 como tamb\u00e9m os turistas. Assim como j\u00e1 temos a Quinta do Caranguejo e a Rota da Cacha\u00e7a, nada mais justo do que referenciar um dos principais insumos do nosso estado, o camar\u00e3o\u201d, afirma Taiene Righetto, presidente da Abrasel no Cear\u00e1.<\/p>\n\n\n\n<figure class=\"wp-block-image size-large\"><img loading=\"lazy\" decoding=\"async\" width=\"768\" height=\"1024\" src=\"https:\/\/blogdorogeriogomes.com.br\/wp-content\/uploads\/2023\/05\/IMG-20230510-WA0161-768x1024.jpg\" alt=\"\" class=\"wp-image-29240\" srcset=\"https:\/\/blogdorogeriogomes.com.br\/noticias\/wp-content\/uploads\/2023\/05\/IMG-20230510-WA0161-768x1024.jpg 768w, https:\/\/blogdorogeriogomes.com.br\/noticias\/wp-content\/uploads\/2023\/05\/IMG-20230510-WA0161-225x300.jpg 225w, https:\/\/blogdorogeriogomes.com.br\/noticias\/wp-content\/uploads\/2023\/05\/IMG-20230510-WA0161-1152x1536.jpg 1152w, https:\/\/blogdorogeriogomes.com.br\/noticias\/wp-content\/uploads\/2023\/05\/IMG-20230510-WA0161-800x1067.jpg 800w, https:\/\/blogdorogeriogomes.com.br\/noticias\/wp-content\/uploads\/2023\/05\/IMG-20230510-WA0161.jpg 1200w\" sizes=\"auto, (max-width: 768px) 100vw, 768px\" \/><\/figure>\n","protected":false},"excerpt":{"rendered":"<p>O Pirata Bar, na Praia de Iracema, recebeu nesta quarta-feira , dia 10 de maio, o lan\u00e7amento da Quarta do Camar\u00e3o, que tem o objetivo de criar uma nova data gastron\u00f4mica para a noite de Fortaleza. A ideia \u00e9 potencializar o h\u00e1bito de consumo do crust\u00e1ceo e fortalecer os neg\u00f3cios na capital. A festa de lan\u00e7amento teve a realiza\u00e7\u00e3o do Sebrae e Associa\u00e7\u00e3o dos Produtores de Camar\u00e3o do Cear\u00e1, com o apoio da Abrasel, Copacam, Secret\u00e1ria de Turismo de&hellip;<\/p>\n","protected":false},"author":1,"featured_media":29240,"comment_status":"open","ping_status":"open","sticky":false,"template":"","format":"standard","meta":{"footnotes":""},"categories":[1],"tags":[],"class_list":["post-29239","post","type-post","status-publish","format-standard","has-post-thumbnail","hentry","category-noticias"],"_links":{"self":[{"href":"https:\/\/blogdorogeriogomes.com.br\/noticias\/wp-json\/wp\/v2\/posts\/29239","targetHints":{"allow":["GET"]}}],"collection":[{"href":"https:\/\/blogdorogeriogomes.com.br\/noticias\/wp-json\/wp\/v2\/posts"}],"about":[{"href":"https:\/\/blogdorogeriogomes.com.br\/noticias\/wp-json\/wp\/v2\/types\/post"}],"author":[{"embeddable":true,"href":"https:\/\/blogdorogeriogomes.com.br\/noticias\/wp-json\/wp\/v2\/users\/1"}],"replies":[{"embeddable":true,"href":"https:\/\/blogdorogeriogomes.com.br\/noticias\/wp-json\/wp\/v2\/comments?post=29239"}],"version-history":[{"count":1,"href":"https:\/\/blogdorogeriogomes.com.br\/noticias\/wp-json\/wp\/v2\/posts\/29239\/revisions"}],"predecessor-version":[{"id":29241,"href":"https:\/\/blogdorogeriogomes.com.br\/noticias\/wp-json\/wp\/v2\/posts\/29239\/revisions\/29241"}],"wp:featuredmedia":[{"embeddable":true,"href":"https:\/\/blogdorogeriogomes.com.br\/noticias\/wp-json\/wp\/v2\/media\/29240"}],"wp:attachment":[{"href":"https:\/\/blogdorogeriogomes.com.br\/noticias\/wp-json\/wp\/v2\/media?parent=29239"}],"wp:term":[{"taxonomy":"category","embeddable":true,"href":"https:\/\/blogdorogeriogomes.com.br\/noticias\/wp-json\/wp\/v2\/categories?post=29239"},{"taxonomy":"post_tag","embeddable":true,"href":"https:\/\/blogdorogeriogomes.com.br\/noticias\/wp-json\/wp\/v2\/tags?post=29239"}],"curies":[{"name":"wp","href":"https:\/\/api.w.org\/{rel}","templated":true}]}}