{"id":29248,"date":"2023-05-11T09:44:14","date_gmt":"2023-05-11T09:44:14","guid":{"rendered":"https:\/\/blogdorogeriogomes.com.br\/?p=29248"},"modified":"2023-05-11T11:34:45","modified_gmt":"2023-05-11T11:34:45","slug":"vereadores-da-base-de-sarto-e-da-oposicao-intensificam-embates-na-camara-municipal-sobre-situacao-da-saude-em-fortaleza","status":"publish","type":"post","link":"https:\/\/blogdorogeriogomes.com.br\/noticias\/2023\/05\/vereadores-da-base-de-sarto-e-da-oposicao-intensificam-embates-na-camara-municipal-sobre-situacao-da-saude-em-fortaleza\/","title":{"rendered":"Vereadores da base de Sarto e da oposi\u00e7\u00e3o intensificam embates na C\u00e2mara Municipal sobre situa\u00e7\u00e3o da sa\u00fade em Fortaleza"},"content":{"rendered":"\n<p>Os embates entre vereadores que fazem a base do prefeito Jos\u00e9 Sarto (PDT) e da oposi\u00e7\u00e3o t\u00eam se intensificado na C\u00e2mara Municipal de Fortaleza em torno da situa\u00e7\u00e3o da sa\u00fade na Capital. O presidente da Casa, Gardel Rolim (PDT), tem buscado intermediar as discuss\u00f5es entre os parlamentares, cada vez mais acaloradas.<\/p>\n\n\n\n<p>Gardel Rolim (foto) destaca que a Prefeitura de Fortaleza anunciou investimentos de cerca de R$ 130 milh\u00f5es para reforma de unidades de sa\u00fade, contrata\u00e7\u00e3o de novos m\u00e9dicos e regulariza\u00e7\u00e3o na entrega de rem\u00e9dios nos postos.<\/p>\n\n\n\n<p>Vereadores da base de Sarto cobram que o governador Elmano de Freitas (PT) receba o prefeito Jos\u00e9 Sarto em audi\u00eancia. O l\u00edder do prefeito na C\u00e2mara, vereador Carlos Mesquita (PDT) disse que j\u00e1 foram enviados of\u00edcios ao Pal\u00e1cio da Aboli\u00e7\u00e3o, mas que n\u00e3o houve resposta. A informa\u00e7\u00e3o \u00e9 contestada por oposicionistas, como o vereador L\u00e9o Couto (PSB), cr\u00edtico da atual gest\u00e3o em Fortaleza.<\/p>\n\n\n\n<p>No pano de fundo dos embates est\u00e1 a antecipa\u00e7\u00e3o da campanha eleitoral em 2024, quando j\u00e1 surgem in\u00fameros nomes para concorrer \u00e0 Prefeitura de Fortaleza.<\/p>\n\n\n\n<figure class=\"wp-block-image size-full\"><img loading=\"lazy\" decoding=\"async\" width=\"1024\" height=\"683\" src=\"https:\/\/blogdorogeriogomes.com.br\/wp-content\/uploads\/2023\/05\/DSC_3719-1-1024x683-1.jpg\" alt=\"\" class=\"wp-image-29249\" srcset=\"https:\/\/blogdorogeriogomes.com.br\/noticias\/wp-content\/uploads\/2023\/05\/DSC_3719-1-1024x683-1.jpg 1024w, https:\/\/blogdorogeriogomes.com.br\/noticias\/wp-content\/uploads\/2023\/05\/DSC_3719-1-1024x683-1-300x200.jpg 300w, https:\/\/blogdorogeriogomes.com.br\/noticias\/wp-content\/uploads\/2023\/05\/DSC_3719-1-1024x683-1-768x512.jpg 768w, https:\/\/blogdorogeriogomes.com.br\/noticias\/wp-content\/uploads\/2023\/05\/DSC_3719-1-1024x683-1-800x534.jpg 800w\" sizes=\"auto, (max-width: 1024px) 100vw, 1024px\" \/><\/figure>\n","protected":false},"excerpt":{"rendered":"<p>Os embates entre vereadores que fazem a base do prefeito Jos\u00e9 Sarto (PDT) e da oposi\u00e7\u00e3o t\u00eam se intensificado na C\u00e2mara Municipal de Fortaleza em torno da situa\u00e7\u00e3o da sa\u00fade na Capital. O presidente da Casa, Gardel Rolim (PDT), tem buscado intermediar as discuss\u00f5es entre os parlamentares, cada vez mais acaloradas. Gardel Rolim (foto) destaca que a Prefeitura de Fortaleza anunciou investimentos de cerca de R$ 130 milh\u00f5es para reforma de unidades de sa\u00fade, contrata\u00e7\u00e3o de novos m\u00e9dicos e&hellip;<\/p>\n","protected":false},"author":1,"featured_media":29249,"comment_status":"open","ping_status":"open","sticky":false,"template":"","format":"standard","meta":{"footnotes":""},"categories":[1],"tags":[],"class_list":["post-29248","post","type-post","status-publish","format-standard","has-post-thumbnail","hentry","category-noticias"],"_links":{"self":[{"href":"https:\/\/blogdorogeriogomes.com.br\/noticias\/wp-json\/wp\/v2\/posts\/29248","targetHints":{"allow":["GET"]}}],"collection":[{"href":"https:\/\/blogdorogeriogomes.com.br\/noticias\/wp-json\/wp\/v2\/posts"}],"about":[{"href":"https:\/\/blogdorogeriogomes.com.br\/noticias\/wp-json\/wp\/v2\/types\/post"}],"author":[{"embeddable":true,"href":"https:\/\/blogdorogeriogomes.com.br\/noticias\/wp-json\/wp\/v2\/users\/1"}],"replies":[{"embeddable":true,"href":"https:\/\/blogdorogeriogomes.com.br\/noticias\/wp-json\/wp\/v2\/comments?post=29248"}],"version-history":[{"count":1,"href":"https:\/\/blogdorogeriogomes.com.br\/noticias\/wp-json\/wp\/v2\/posts\/29248\/revisions"}],"predecessor-version":[{"id":29250,"href":"https:\/\/blogdorogeriogomes.com.br\/noticias\/wp-json\/wp\/v2\/posts\/29248\/revisions\/29250"}],"wp:featuredmedia":[{"embeddable":true,"href":"https:\/\/blogdorogeriogomes.com.br\/noticias\/wp-json\/wp\/v2\/media\/29249"}],"wp:attachment":[{"href":"https:\/\/blogdorogeriogomes.com.br\/noticias\/wp-json\/wp\/v2\/media?parent=29248"}],"wp:term":[{"taxonomy":"category","embeddable":true,"href":"https:\/\/blogdorogeriogomes.com.br\/noticias\/wp-json\/wp\/v2\/categories?post=29248"},{"taxonomy":"post_tag","embeddable":true,"href":"https:\/\/blogdorogeriogomes.com.br\/noticias\/wp-json\/wp\/v2\/tags?post=29248"}],"curies":[{"name":"wp","href":"https:\/\/api.w.org\/{rel}","templated":true}]}}